{"id":5383,"date":"2024-10-12T18:57:23","date_gmt":"2024-10-12T21:57:23","guid":{"rendered":"https:\/\/impactodenoticias.com.ar\/?p=5383"},"modified":"2024-10-13T11:17:51","modified_gmt":"2024-10-13T14:17:51","slug":"desde-la-asamblea-ciudadana-vecinalista-de-solicitan-el-saneamiento-del-arroyo-las-tunas","status":"publish","type":"post","link":"https:\/\/impactodenoticias.com.ar\/?p=5383","title":{"rendered":"Desde la Asamblea Ciudadana Vecinalista de solicitan el saneamiento del arroyo Las Tunas"},"content":{"rendered":"\n<h2 class=\"wp-block-heading\">Vecinalistas recorrieron a pie algunos tramos de los arroyos las Tunas y Los Zorzales y detectaron la acumulaci\u00f3n de residuos s\u00f3lidos, y los desag\u00fces cloacales en crudo a la cuenca.<\/h2>\n\n\n\n<p>La Asamblea Ciudadana Vecinalista de Paran\u00e1 visit\u00f3 los cursos de agua contaminados del Gran Paran\u00e1 y envi\u00f3 cartas a tres intendentes y al gobierno provincial de Entre R\u00edos para reclamar \u201cel saneamiento urgente del arroyo Las Tunas y sus afluentes\u201d.<\/p>\n\n\n\n<p>Integrantes de la Asamblea Vecinalista, recorrieron a pie algunos tramos de los arroyos las Tunas y Los Zorzales y observaron la acumulaci\u00f3n de residuos s\u00f3lidos, y los desag\u00fces cloacales en crudo a la cuenca. \u201cVenimos a ver esto ahora, debe existir hace much\u00edsimo tiempo, cuando fueron creciendo las comunidades vecinas, el Parque Industrial y todo eso\u201d, expres\u00f3 Alicia de Glauser junto al arroyo.<\/p>\n\n\n\n<p>\u201cPara las autoridades gobernantes, en vez de hacer las obras, que est\u00e1n abandonadas, lo m\u00e1s f\u00e1cil fue hacer esto: usar los arroyos para todos los desechos cloacales y toda la basura que tiran. Lamentablemente, todo esto que se va juntando en Los Zorzales y Las Tunas va a parar al r\u00edo Paran\u00e1, donde nosotros, aguas abajo, tenemos los balnearios y la bomba de extracci\u00f3n de agua; all\u00ed se potabiliza y va a Paran\u00e1\u201d, agreg\u00f3.<\/p>\n\n\n\n<p><\/p>\n\n\n\n<iframe loading=\"lazy\" src=\"https:\/\/www.facebook.com\/plugins\/video.php?height=476&#038;href=https%3A%2F%2Fwww.facebook.com%2FERAVerdeEntreRios%2Fvideos%2F1480599552650192%2F&#038;show_text=false&#038;width=267&#038;t=0\" width=\"267\" height=\"476\" style=\"border:none;overflow:hidden\" scrolling=\"no\" frameborder=\"0\" allowfullscreen=\"true\" allow=\"autoplay; clipboard-write; encrypted-media; picture-in-picture; web-share\" allowFullScreen=\"true\"><\/iframe>\n\n\n\n<p><\/p>\n\n\n\n<p>Los vecinalistas adhirieron a la lucha de las comunidades aleda\u00f1as que constituyeron una Comisi\u00f3n pro Comit\u00e9 de Cuenca, y se preguntaron por qu\u00e9, si la provincia form\u00f3 un Comit\u00e9 de Cuenca en mayo pasado, aun no hay avances para revertir la contaminaci\u00f3n.<\/p>\n\n\n\n<p>En los arroyos puede observarse a simple vista la contaminaci\u00f3n extrema del agua con qu\u00edmicos, pl\u00e1sticos, gomas, latas, nylon, y otros materiales, adem\u00e1s de los fluidos domiciliarios que llegan en ca\u00f1os de amplio di\u00e1metro y corren por los arroyos sin tratamiento.<\/p>\n\n\n\n<p>Las cartas con pedidos de audiencia fueron dirigidas a los intendentes de Paran\u00e1, San Benito y Colonia Avellaneda, Rosario Romero, Ariel Voeffray y Ariel Weiss, y a la secretaria de Ambiente de la provincia, Rosa Hojman. Con posterioridad enviar\u00e1n notas similares a los directivos del Parque Industrial de Paran\u00e1.<\/p>\n\n\n\n<p>\u201cConsideramos que es un perjuicio ambiental inadmisible para estos tiempos y es hora de darle soluciones definitivas\u201d, detaca el texto, que lleva la firma de dieciocho asamble\u00edstas, entre ellos Alicia de Glauser, Clelia Zapata, Claudio Garc\u00eda y Esteban Rossi.<\/p>\n\n\n\n<p>Durante la visita a los arroyos fueron recibidos por miembros de la Comisi\u00f3n Vecinal del barrio Los Zorzales de Colonia Avellaneda, que tras una d\u00e9cada de reclamos lograron clausurar un enorme basural, con intervenci\u00f3n de la Justicia, y fogonearon la creaci\u00f3n del Comit\u00e9 de Cuenca de Las Tunas bajo el lema \u201cSomos arroyos\u201d.<\/p>\n","protected":false},"excerpt":{"rendered":"<p>Vecinalistas recorrieron a pie algunos tramos de los arroyos las Tunas y Los Zorzales y detectaron la acumulaci&oacute;n de residuos s&oacute;lidos, y los desag&uuml;es cloacales en crudo a la cuenca. La Asamblea Ciudadana Vecinalista de Paran&aacute; visit&oacute; los cursos de agua contaminados del Gran Paran&aacute; y envi&oacute; cartas a tres intendentes y al gobierno provincial [&hellip;]<\/p>\n","protected":false},"author":2,"featured_media":5408,"comment_status":"open","ping_status":"open","sticky":false,"template":"","format":"standard","meta":{"footnotes":""},"categories":[3],"tags":[1089,2373,2374,2326,95,2106,2041],"class_list":["post-5383","post","type-post","status-publish","format-standard","has-post-thumbnail","hentry","category-locales","tag-alicia-glauser","tag-arroyo-las-tunas","tag-arroyo-los-zorzales","tag-asamblea","tag-parana","tag-saneamiento","tag-vecinalistas"],"_links":{"self":[{"href":"https:\/\/impactodenoticias.com.ar\/index.php?rest_route=\/wp\/v2\/posts\/5383","targetHints":{"allow":["GET"]}}],"collection":[{"href":"https:\/\/impactodenoticias.com.ar\/index.php?rest_route=\/wp\/v2\/posts"}],"about":[{"href":"https:\/\/impactodenoticias.com.ar\/index.php?rest_route=\/wp\/v2\/types\/post"}],"author":[{"embeddable":true,"href":"https:\/\/impactodenoticias.com.ar\/index.php?rest_route=\/wp\/v2\/users\/2"}],"replies":[{"embeddable":true,"href":"https:\/\/impactodenoticias.com.ar\/index.php?rest_route=%2Fwp%2Fv2%2Fcomments&post=5383"}],"version-history":[{"count":1,"href":"https:\/\/impactodenoticias.com.ar\/index.php?rest_route=\/wp\/v2\/posts\/5383\/revisions"}],"predecessor-version":[{"id":5385,"href":"https:\/\/impactodenoticias.com.ar\/index.php?rest_route=\/wp\/v2\/posts\/5383\/revisions\/5385"}],"wp:featuredmedia":[{"embeddable":true,"href":"https:\/\/impactodenoticias.com.ar\/index.php?rest_route=\/wp\/v2\/media\/5408"}],"wp:attachment":[{"href":"https:\/\/impactodenoticias.com.ar\/index.php?rest_route=%2Fwp%2Fv2%2Fmedia&parent=5383"}],"wp:term":[{"taxonomy":"category","embeddable":true,"href":"https:\/\/impactodenoticias.com.ar\/index.php?rest_route=%2Fwp%2Fv2%2Fcategories&post=5383"},{"taxonomy":"post_tag","embeddable":true,"href":"https:\/\/impactodenoticias.com.ar\/index.php?rest_route=%2Fwp%2Fv2%2Ftags&post=5383"}],"curies":[{"name":"wp","href":"https:\/\/api.w.org\/{rel}","templated":true}]}}