{"id":5398,"date":"2024-10-12T19:28:20","date_gmt":"2024-10-12T22:28:20","guid":{"rendered":"https:\/\/impactodenoticias.com.ar\/?p=5398"},"modified":"2024-10-12T19:28:21","modified_gmt":"2024-10-12T22:28:21","slug":"concordia-volco-su-camioneta-tras-impactar-un-monticulo-de-tierra-que-no-estaba-senalizado-en-avenida-san-lorenzo","status":"publish","type":"post","link":"https:\/\/impactodenoticias.com.ar\/?p=5398","title":{"rendered":"Concordia: volc\u00f3 su camioneta tras impactar un mont\u00edculo de tierra que no estaba se\u00f1alizado en avenida San Lorenzo"},"content":{"rendered":"\n<h3 class=\"wp-block-heading\">El accidente vial sucedi\u00f3 en las primeras horas de la ma\u00f1ana de este s\u00e1bado y fue protagonizado por una pareja de j\u00f3venes que se movilizaba en una camioneta Toyota Hilux.<\/h3>\n\n\n\n<p>La pick-up circulaba por la arteria, en direcci\u00f3n de Este a Oeste, cuando seg\u00fan indic\u00f3 el joven de 18 a\u00f1os que conduc\u00eda el rodado, perdi\u00f3 el control de manejo al verse sorprendido por un mont\u00edculo de tierra que no estar\u00eda se\u00f1alizado.<\/p>\n\n\n\n<p>Debido a esta situaci\u00f3n, la camioneta termin\u00f3 volcando y qued\u00f3 apoyada sobre su lateral izquierdo, a pocos metros de la intersecci\u00f3n con calle Paula Albarrac\u00edn de Sarmiento.<\/p>\n\n\n\n<p>Fuentes policiales precisaron que se realiz\u00f3 el test de alcoholemia correspondiente, arrojando un nivel de alcoholemia de 1.8 gramos por litro de sangre.<\/p>\n\n\n\n<p>A pesar de las violencia del incidente, ni el conductor ni la joven de 22 a\u00f1os que lo acomp\u00f1aba terminaron con lesiones de consideraci\u00f3n.<\/p>\n","protected":false},"excerpt":{"rendered":"<p>El accidente vial sucedi&oacute; en las primeras horas de la ma&ntilde;ana de este s&aacute;bado y fue protagonizado por una pareja de j&oacute;venes que se movilizaba en una camioneta Toyota Hilux. La pick-up circulaba por la arteria, en direcci&oacute;n de Este a Oeste, cuando seg&uacute;n indic&oacute; el joven de 18 a&ntilde;os que conduc&iacute;a el rodado, perdi&oacute; [&hellip;]<\/p>\n","protected":false},"author":2,"featured_media":5399,"comment_status":"open","ping_status":"open","sticky":false,"template":"","format":"standard","meta":{"footnotes":""},"categories":[8,4],"tags":[2377,402,72,117,336],"class_list":["post-5398","post","type-post","status-publish","format-standard","has-post-thumbnail","hentry","category-policiales","category-provinciales","tag-avenida","tag-camioneta","tag-concordia","tag-san-lorenzo","tag-vuelco"],"_links":{"self":[{"href":"https:\/\/impactodenoticias.com.ar\/index.php?rest_route=\/wp\/v2\/posts\/5398","targetHints":{"allow":["GET"]}}],"collection":[{"href":"https:\/\/impactodenoticias.com.ar\/index.php?rest_route=\/wp\/v2\/posts"}],"about":[{"href":"https:\/\/impactodenoticias.com.ar\/index.php?rest_route=\/wp\/v2\/types\/post"}],"author":[{"embeddable":true,"href":"https:\/\/impactodenoticias.com.ar\/index.php?rest_route=\/wp\/v2\/users\/2"}],"replies":[{"embeddable":true,"href":"https:\/\/impactodenoticias.com.ar\/index.php?rest_route=%2Fwp%2Fv2%2Fcomments&post=5398"}],"version-history":[{"count":1,"href":"https:\/\/impactodenoticias.com.ar\/index.php?rest_route=\/wp\/v2\/posts\/5398\/revisions"}],"predecessor-version":[{"id":5400,"href":"https:\/\/impactodenoticias.com.ar\/index.php?rest_route=\/wp\/v2\/posts\/5398\/revisions\/5400"}],"wp:featuredmedia":[{"embeddable":true,"href":"https:\/\/impactodenoticias.com.ar\/index.php?rest_route=\/wp\/v2\/media\/5399"}],"wp:attachment":[{"href":"https:\/\/impactodenoticias.com.ar\/index.php?rest_route=%2Fwp%2Fv2%2Fmedia&parent=5398"}],"wp:term":[{"taxonomy":"category","embeddable":true,"href":"https:\/\/impactodenoticias.com.ar\/index.php?rest_route=%2Fwp%2Fv2%2Fcategories&post=5398"},{"taxonomy":"post_tag","embeddable":true,"href":"https:\/\/impactodenoticias.com.ar\/index.php?rest_route=%2Fwp%2Fv2%2Ftags&post=5398"}],"curies":[{"name":"wp","href":"https:\/\/api.w.org\/{rel}","templated":true}]}}