{"id":5413,"date":"2024-10-13T09:55:15","date_gmt":"2024-10-13T12:55:15","guid":{"rendered":"https:\/\/impactodenoticias.com.ar\/?p=5413"},"modified":"2024-10-13T09:55:15","modified_gmt":"2024-10-13T12:55:15","slug":"nuevos-hechos-de-violencia-en-barrio-el-perejil-de-parana","status":"publish","type":"post","link":"https:\/\/impactodenoticias.com.ar\/?p=5413","title":{"rendered":"Nuevos hechos de violencia en barrio El Perejil de Paran\u00e1"},"content":{"rendered":"\n<p class=\"has-medium-font-size\"><strong>En horas de la tarde del s\u00e1bado, se registraron violentas peleas en barrio El Perejil, que dej\u00f3 como saldo una mujer con un corte en el cuero cabelludo. Tambi\u00e9n se arrest\u00f3 a un hombre, sindicado como el autor de disparos y los piedrazos.<\/strong><\/p>\n\n\n\n<p>El barrio El Perejil, de la ciudad de Paran\u00e1, registr\u00f3 un nuevo hecho de violencia entre vecinos en horas de la tarde del s\u00e1bado. Se registraron piedrazos y disparos de arma de fuego. Una mujer result\u00f3 herida.<\/p>\n\n\n\n<p>De acuerdo a la informaci\u00f3n brindada por fuentes policiales, por motivos que tratan de esclarecerse, se escucharon detonaciones de armas de fuego en el barrio, lo que gener\u00f3 la participaci\u00f3n de personal de Comisar\u00eda D\u00e9cimo Tercera, Guardia Especial y m\u00f3viles de la Divisi\u00f3n 911.<\/p>\n\n\n\n<p>Luego de conversar con los vecinos, se indic\u00f3 a un sujeto como el autor del lanzamiento de piedras y los disparos, quien se hab\u00eda escapado en moto hacia la vivienda de su t\u00edo.<\/p>\n\n\n\n<p>Luego de acercarse a la casa del familiar, se encontr\u00f3 la moto Honda Wave, de 110 c.c., que ten\u00eda pedido de captura por hurto hace cuatro d\u00edas.<\/p>\n\n\n\n<p>Con posterioridad personal del 911 ubic\u00f3 al joven en otro sector del barrio El Perejil. Adem\u00e1s, encontraron proyectiles y vainas servidas.<\/p>\n\n\n\n<p>En comunicaci\u00f3n con el fiscal, se dispuso la detenci\u00f3n del autor de los disparos y que se realice el dermotest, que se incaute la moto y que intervenga la divisi\u00f3n Criminal\u00edstica.<\/p>\n\n\n\n<p>A ra\u00edz de los piedrazos, una mujer de 38 a\u00f1os fue alcanzada por uno de ellos, y le produjo una herida cortante en el cuero cabelludo, teniendo que ser trasladada en ambulancia al hospital San Mart\u00edn, horas desp\u00faes fue dada de alta.<\/p>\n\n\n\n<p>Horas m\u00e1s tarde, se registraron nuevos lanzamientos de piedras en el barrio entre dos familias antag\u00f3nicas, un joven de 20 a\u00f1os cort\u00f3 la tobillera \u2013cumpl\u00eda prisi\u00f3n domiciliaria- y agredi\u00f3 a otros vecinos.<\/p>\n\n\n\n<p>El joven regres\u00f3 a su domicilio, donde personal policial lo arrest\u00f3 y traslado a la Alcaid\u00eda de Tribunales por \u201cquebrantamiento de arresto domiciliario\u201d.<\/p>\n","protected":false},"excerpt":{"rendered":"<p>En horas de la tarde del s&aacute;bado, se registraron violentas peleas en barrio El Perejil, que dej&oacute; como saldo una mujer con un corte en el cuero cabelludo. Tambi&eacute;n se arrest&oacute; a un hombre, sindicado como el autor de disparos y los piedrazos. El barrio El Perejil, de la ciudad de Paran&aacute;, registr&oacute; un nuevo [&hellip;]<\/p>\n","protected":false},"author":2,"featured_media":5414,"comment_status":"open","ping_status":"open","sticky":false,"template":"","format":"standard","meta":{"footnotes":""},"categories":[3,8],"tags":[1758,175,95,2381,1980,430],"class_list":["post-5413","post","type-post","status-publish","format-standard","has-post-thumbnail","hentry","category-locales","category-policiales","tag-barrio-el-perejil","tag-detenido","tag-parana","tag-peleas","tag-piedras","tag-tiros"],"_links":{"self":[{"href":"https:\/\/impactodenoticias.com.ar\/index.php?rest_route=\/wp\/v2\/posts\/5413","targetHints":{"allow":["GET"]}}],"collection":[{"href":"https:\/\/impactodenoticias.com.ar\/index.php?rest_route=\/wp\/v2\/posts"}],"about":[{"href":"https:\/\/impactodenoticias.com.ar\/index.php?rest_route=\/wp\/v2\/types\/post"}],"author":[{"embeddable":true,"href":"https:\/\/impactodenoticias.com.ar\/index.php?rest_route=\/wp\/v2\/users\/2"}],"replies":[{"embeddable":true,"href":"https:\/\/impactodenoticias.com.ar\/index.php?rest_route=%2Fwp%2Fv2%2Fcomments&post=5413"}],"version-history":[{"count":1,"href":"https:\/\/impactodenoticias.com.ar\/index.php?rest_route=\/wp\/v2\/posts\/5413\/revisions"}],"predecessor-version":[{"id":5415,"href":"https:\/\/impactodenoticias.com.ar\/index.php?rest_route=\/wp\/v2\/posts\/5413\/revisions\/5415"}],"wp:featuredmedia":[{"embeddable":true,"href":"https:\/\/impactodenoticias.com.ar\/index.php?rest_route=\/wp\/v2\/media\/5414"}],"wp:attachment":[{"href":"https:\/\/impactodenoticias.com.ar\/index.php?rest_route=%2Fwp%2Fv2%2Fmedia&parent=5413"}],"wp:term":[{"taxonomy":"category","embeddable":true,"href":"https:\/\/impactodenoticias.com.ar\/index.php?rest_route=%2Fwp%2Fv2%2Fcategories&post=5413"},{"taxonomy":"post_tag","embeddable":true,"href":"https:\/\/impactodenoticias.com.ar\/index.php?rest_route=%2Fwp%2Fv2%2Ftags&post=5413"}],"curies":[{"name":"wp","href":"https:\/\/api.w.org\/{rel}","templated":true}]}}