{"id":5416,"date":"2024-10-13T10:22:21","date_gmt":"2024-10-13T13:22:21","guid":{"rendered":"https:\/\/impactodenoticias.com.ar\/?p=5416"},"modified":"2024-10-13T10:43:44","modified_gmt":"2024-10-13T13:43:44","slug":"buscaban-una-moto-denunciada-como-robada-en-san-benito-y-encontraron-seis-armas-de-fuego-y-cartucheria","status":"publish","type":"post","link":"https:\/\/impactodenoticias.com.ar\/?p=5416","title":{"rendered":"Buscaban una moto denunciada como robada en San Benito y encontraron seis armas de fuego y cartucher\u00eda"},"content":{"rendered":"\n<p class=\"has-medium-font-size\"><strong>Junto a la moto denunciada como sustra\u00edda, se hallaron partes de otra moto desguazada, seis armas de fuego y cartucher\u00edas diversas. Se identific\u00f3 a varias personas y hubo arrestadas.<\/strong><\/p>\n\n\n\n<p>Demoraron a un sujeto por el robo de una moto Appia 110cc en San Benito; el sospechoso fue localizado en horas de la madrugada de este domingo en calle Belgrano y 9 de Julio, en Paran\u00e1.<\/p>\n\n\n\n<p>Fuentes policiales informaron que, avanzando con la investigaci\u00f3n, se estableci\u00f3 que el rodado hab\u00eda sido comprado por una persona conocida en el \u00e1mbito delictivo, el cual fue localizado en calle Garay entre Garabasso y Malvinas. Seg\u00fan al parte policial, prest\u00f3 resistencia al ser identificado, raz\u00f3n por la cual debi\u00f3 ser reducido y demorado en el lugar.<\/p>\n\n\n\n<p>Mientras tanto se aguard\u00f3 en dos domicilios ocupados por esta persona: en calle Medus fueron detectados dos sospechosos al mando de una moto similar a la denunciada como robada. Al intentar identificarlos, \u00e9stos se alejaron e ingresaron a una vivienda, donde uno de ellos comenz\u00f3 a arrojar moto-partes del patio trasero hacia la casa lindante. Los dos sujetos fueron aprehendidos en el lugar.<\/p>\n\n\n\n<p><\/p>\n\n\n\n<figure class=\"wp-block-image size-full\"><img loading=\"lazy\" decoding=\"async\" width=\"548\" height=\"753\" src=\"https:\/\/impactodenoticias.com.ar\/wp-content\/uploads\/2024\/10\/scrnli_6ODQI59J3LXBWN-1.png\" alt=\"\" class=\"wp-image-5417\" srcset=\"https:\/\/impactodenoticias.com.ar\/wp-content\/uploads\/2024\/10\/scrnli_6ODQI59J3LXBWN-1.png 548w, https:\/\/impactodenoticias.com.ar\/wp-content\/uploads\/2024\/10\/scrnli_6ODQI59J3LXBWN-1-218x300.png 218w\" sizes=\"auto, (max-width: 548px) 100vw, 548px\" \/><\/figure>\n\n\n\n<p><\/p>\n\n\n\n<p>Al revisar las moto-partes, se constat\u00f3 que eran de la moto robada en San Benito. Adem\u00e1s, en el interior de una bolsa de tela, encontraron seis armas de fuego y cartucher\u00edas varias.<\/p>\n\n\n\n<p><\/p>\n\n\n\n<figure class=\"wp-block-image size-full is-resized\"><img loading=\"lazy\" decoding=\"async\" width=\"606\" height=\"418\" src=\"https:\/\/impactodenoticias.com.ar\/wp-content\/uploads\/2024\/10\/scrnli_QyTQUdM9XlY5pt.png\" alt=\"\" class=\"wp-image-5418\" style=\"width:840px;height:auto\" srcset=\"https:\/\/impactodenoticias.com.ar\/wp-content\/uploads\/2024\/10\/scrnli_QyTQUdM9XlY5pt.png 606w, https:\/\/impactodenoticias.com.ar\/wp-content\/uploads\/2024\/10\/scrnli_QyTQUdM9XlY5pt-300x207.png 300w\" sizes=\"auto, (max-width: 606px) 100vw, 606px\" \/><\/figure>\n\n\n\n<p><\/p>\n\n\n\n<figure class=\"wp-block-image size-full\"><img loading=\"lazy\" decoding=\"async\" width=\"570\" height=\"629\" src=\"https:\/\/impactodenoticias.com.ar\/wp-content\/uploads\/2024\/10\/scrnli_pk32mjxrilzahk-1.png\" alt=\"\" class=\"wp-image-5419\" srcset=\"https:\/\/impactodenoticias.com.ar\/wp-content\/uploads\/2024\/10\/scrnli_pk32mjxrilzahk-1.png 570w, https:\/\/impactodenoticias.com.ar\/wp-content\/uploads\/2024\/10\/scrnli_pk32mjxrilzahk-1-272x300.png 272w\" sizes=\"auto, (max-width: 570px) 100vw, 570px\" \/><\/figure>\n\n\n\n<p><\/p>\n\n\n\n<p>Por disposici\u00f3n del fiscal, los \u00faltimos dos hombres de 33 y 40 a\u00f1os fueron detenidos por Tenencia ilegal de arma de fuego y a los dos restantes, de 25 y 54 a\u00f1os, se les realiz\u00f3 una correcta identificaci\u00f3n, quedando supeditados a la causa.<\/p>\n","protected":false},"excerpt":{"rendered":"<p>Junto a la moto denunciada como sustra&iacute;da, se hallaron partes de otra moto desguazada, seis armas de fuego y cartucher&iacute;as diversas. Se identific&oacute; a varias personas y hubo arrestadas. Demoraron a un sujeto por el robo de una moto Appia 110cc en San Benito; el sospechoso fue localizado en horas de la madrugada de este [&hellip;]<\/p>\n","protected":false},"author":2,"featured_media":5420,"comment_status":"open","ping_status":"open","sticky":false,"template":"","format":"standard","meta":{"footnotes":""},"categories":[3,8],"tags":[2382,2347,95,147,386],"class_list":["post-5416","post","type-post","status-publish","format-standard","has-post-thumbnail","hentry","category-locales","category-policiales","tag-desguace","tag-motos","tag-parana","tag-robo","tag-san-benito"],"_links":{"self":[{"href":"https:\/\/impactodenoticias.com.ar\/index.php?rest_route=\/wp\/v2\/posts\/5416","targetHints":{"allow":["GET"]}}],"collection":[{"href":"https:\/\/impactodenoticias.com.ar\/index.php?rest_route=\/wp\/v2\/posts"}],"about":[{"href":"https:\/\/impactodenoticias.com.ar\/index.php?rest_route=\/wp\/v2\/types\/post"}],"author":[{"embeddable":true,"href":"https:\/\/impactodenoticias.com.ar\/index.php?rest_route=\/wp\/v2\/users\/2"}],"replies":[{"embeddable":true,"href":"https:\/\/impactodenoticias.com.ar\/index.php?rest_route=%2Fwp%2Fv2%2Fcomments&post=5416"}],"version-history":[{"count":2,"href":"https:\/\/impactodenoticias.com.ar\/index.php?rest_route=\/wp\/v2\/posts\/5416\/revisions"}],"predecessor-version":[{"id":5423,"href":"https:\/\/impactodenoticias.com.ar\/index.php?rest_route=\/wp\/v2\/posts\/5416\/revisions\/5423"}],"wp:featuredmedia":[{"embeddable":true,"href":"https:\/\/impactodenoticias.com.ar\/index.php?rest_route=\/wp\/v2\/media\/5420"}],"wp:attachment":[{"href":"https:\/\/impactodenoticias.com.ar\/index.php?rest_route=%2Fwp%2Fv2%2Fmedia&parent=5416"}],"wp:term":[{"taxonomy":"category","embeddable":true,"href":"https:\/\/impactodenoticias.com.ar\/index.php?rest_route=%2Fwp%2Fv2%2Fcategories&post=5416"},{"taxonomy":"post_tag","embeddable":true,"href":"https:\/\/impactodenoticias.com.ar\/index.php?rest_route=%2Fwp%2Fv2%2Ftags&post=5416"}],"curies":[{"name":"wp","href":"https:\/\/api.w.org\/{rel}","templated":true}]}}