{"id":542,"date":"2024-06-28T14:09:25","date_gmt":"2024-06-28T17:09:25","guid":{"rendered":"https:\/\/impactodenoticias.com.ar\/?p=542"},"modified":"2024-06-28T14:09:26","modified_gmt":"2024-06-28T17:09:26","slug":"se-produndiza-la-crisis-en-parana-tras-las-medidas-tomadas-desde-nacion-comercios-proponen-reducir-la-jornada-laboral-de-sus-trabajadores","status":"publish","type":"post","link":"https:\/\/impactodenoticias.com.ar\/?p=542","title":{"rendered":"Se produndiza la crisis en Paran\u00e1 tras las medidas tomadas desde Naci\u00f3n: comercios proponen reducir la jornada laboral de sus trabajadores"},"content":{"rendered":"\n<h3 class=\"wp-block-heading\">La novedad fue confirmada por el representante del Sindicato de Empleados de Comercio (SIC), Mario Marcilla. Adem\u00e1s agreg\u00f3 el gremialista que bajaron las ventas: \u201cLa gente no se compra tanta ropa como antes, busca arreglarse con lo que ya tiene porque primero trata de pagar la comida y algunos impuestos\u201d.<\/h3>\n\n\n\n<p>El representante del SIC dialog\u00f3 indic\u00f3 sobre la situaci\u00f3n actual del sector en la ciudad de Paran\u00e1, m\u00e1s all\u00e1 del incremento que se realiz\u00f3 en la \u00faltima paritaria nacional que consisti\u00f3 en una suba del 13,5%.<\/p>\n\n\n\n<p>\u201cSe dieron algunos despidos por reducci\u00f3n de personal m\u00e1s all\u00e1 de los diez que fueron echados de los supermercados Hiper y Chango M\u00e1s\u201d, advierti\u00f3 Marcilla aunque afirm\u00f3 que la tendencia no son los despidos sino el ofrecimiento de los empleadores a sus trabajadores de reducir su carga horaria.<\/p>\n\n\n\n<p><strong>Reducci\u00f3n de la jornada laboral<\/strong><\/p>\n\n\n\n<p>\u201cA los empleados que actualmente trabajan 48 horas semanales les est\u00e1n ofreciendo que trabajen media jornada e inscribirlos bajo esa modalidad\u201d, inform\u00f3 el representante de los trabajadores de comercio.<\/p>\n\n\n\n<p>Marcillia expres\u00f3 que dado este contexto actual, la baja del consumo es algo \u201cl\u00f3gico\u201d y que en el \u00faltimo tiempo se calcula que en promedio es de entre un ocho y un 10%.<\/p>\n\n\n\n<p>Finalmente se\u00f1al\u00f3: \u201cHa mermado mucho la venta, la gente no se compra tanta ropa como antes, busca arreglarse con lo que ya tiene porque primero trata de pagar la comida y algunos impuestos\u201d.<\/p>\n","protected":false},"excerpt":{"rendered":"<p>La novedad fue confirmada por el representante del Sindicato de Empleados de Comercio (SIC), Mario Marcilla. Adem&aacute;s agreg&oacute; el gremialista que bajaron las ventas: &ldquo;La gente no se compra tanta ropa como antes, busca arreglarse con lo que ya tiene porque primero trata de pagar la comida y algunos impuestos&rdquo;. El representante del SIC dialog&oacute; [&hellip;]<\/p>\n","protected":false},"author":2,"featured_media":543,"comment_status":"open","ping_status":"open","sticky":false,"template":"","format":"standard","meta":{"footnotes":""},"categories":[91,3,49],"tags":[207,33,193,210,95,208],"class_list":["post-542","post","type-post","status-publish","format-standard","has-post-thumbnail","hentry","category-gremiales","category-locales","category-sociedad","tag-comercios","tag-entre-rios","tag-jornada","tag-mario-marcilla","tag-parana","tag-reduccion"],"_links":{"self":[{"href":"https:\/\/impactodenoticias.com.ar\/index.php?rest_route=\/wp\/v2\/posts\/542","targetHints":{"allow":["GET"]}}],"collection":[{"href":"https:\/\/impactodenoticias.com.ar\/index.php?rest_route=\/wp\/v2\/posts"}],"about":[{"href":"https:\/\/impactodenoticias.com.ar\/index.php?rest_route=\/wp\/v2\/types\/post"}],"author":[{"embeddable":true,"href":"https:\/\/impactodenoticias.com.ar\/index.php?rest_route=\/wp\/v2\/users\/2"}],"replies":[{"embeddable":true,"href":"https:\/\/impactodenoticias.com.ar\/index.php?rest_route=%2Fwp%2Fv2%2Fcomments&post=542"}],"version-history":[{"count":1,"href":"https:\/\/impactodenoticias.com.ar\/index.php?rest_route=\/wp\/v2\/posts\/542\/revisions"}],"predecessor-version":[{"id":544,"href":"https:\/\/impactodenoticias.com.ar\/index.php?rest_route=\/wp\/v2\/posts\/542\/revisions\/544"}],"wp:featuredmedia":[{"embeddable":true,"href":"https:\/\/impactodenoticias.com.ar\/index.php?rest_route=\/wp\/v2\/media\/543"}],"wp:attachment":[{"href":"https:\/\/impactodenoticias.com.ar\/index.php?rest_route=%2Fwp%2Fv2%2Fmedia&parent=542"}],"wp:term":[{"taxonomy":"category","embeddable":true,"href":"https:\/\/impactodenoticias.com.ar\/index.php?rest_route=%2Fwp%2Fv2%2Fcategories&post=542"},{"taxonomy":"post_tag","embeddable":true,"href":"https:\/\/impactodenoticias.com.ar\/index.php?rest_route=%2Fwp%2Fv2%2Ftags&post=542"}],"curies":[{"name":"wp","href":"https:\/\/api.w.org\/{rel}","templated":true}]}}