{"id":545,"date":"2024-06-28T14:31:09","date_gmt":"2024-06-28T17:31:09","guid":{"rendered":"https:\/\/impactodenoticias.com.ar\/?p=545"},"modified":"2024-06-28T14:31:14","modified_gmt":"2024-06-28T17:31:14","slug":"la-imagen-que-nadie-quiere-ver-con-milei-en-el-gobierno-y-con-indices-de-pobreza-en-crecimiento-se-vuelve-a-tirar-fruta-que-no-logra-colocarse-en-el-mercado","status":"publish","type":"post","link":"https:\/\/impactodenoticias.com.ar\/?p=545","title":{"rendered":"La im\u00e1gen que nadie quiere ver: con Milei en el gobierno y con \u00edndices de pobreza en crecimiento, se vuelve a tirar fruta que no logra colocarse en el mercado."},"content":{"rendered":"\n<p><strong>Si la imagen de los galpones del gobierno atestados de comida que no se distribuye a los sectores populares que los necesitan ya provoc\u00f3 la reacci\u00f3n de muchos sectores, saber que en la Argentina volvi\u00f3 a tirarse fruta por la falta de mercados para colocarla es m\u00e1s de indignante.<\/strong><\/p>\n\n\n\n<p>Esta lamentable situaci\u00f3n sucede en la zona citr\u00edcola de Chajar\u00ed, donde varios cientos de toneladas de mandarinas del tipo \u201ccriolla\u201d se est\u00e1n arrojando a la basura porque la gente no tiene plata suficiente como para comprarlas.<\/p>\n\n\n\n<p>En las im\u00e1genes se puede ver como un cami\u00f3n descarga miles de mandarinas en un basurero municipal de Villa del Rosario. A su alrededor son muchos otros mont\u00edculos semejantes los que se cuentan. Es fruta que se derrama antes de que se pudra.<\/p>\n\n\n\n<p>Elvio Calgaro, es productor citr\u00edcola, dirigente de la Federaci\u00f3n Agraria y ex presidente de la Federaci\u00f3n de Citricultores de Entre R\u00edos, fue quien subi\u00f3 las im\u00e1genes a redes sociales.<\/p>\n\n\n\n<p>Calgaro fue entrevistado este jueves en el programa Colonia Agropecuaria, por AM550, y detall\u00f3 la situaci\u00f3n.<\/p>\n\n\n\n<p>\u201cLamentablemente ven\u00edamos bien y las ofertas (de fruta) iban acompa\u00f1ando la demanda en los \u00faltimos dos o tres a\u00f1os, por la sequ\u00eda hab\u00eda un equilibrio. \u00bfY qu\u00e9 pas\u00f3? Llegaron la lluvia, acompa\u00f1adas justamente con el problema del receso econ\u00f3mico que hay. El poder adquisitivo de la gente se cay\u00f3, se desplom\u00f3, eso es lo que nosotros notamos, y por lo tanto hay un poco m\u00e1s de fruta pero menos consumo\u201d, indic\u00f3 el citricultor.<\/p>\n\n\n\n<p>-\u00bfEntonces qu\u00e9 pasa con esta fruta que sobra?<\/p>\n\n\n\n<p>-Esta fruta es perecedera, como el tomate, llega su momento y si no la consumiste se empiezan a pudrir, entonces no llegan al mercado, no la pod\u00e9s mandar. Y eso que es para muchos de las mandarinas m\u00e1s apetentes, la m\u00e1s rica. Es la criolla, es la com\u00fan. Bueno, lamentablemente est\u00e1n pasando estas cosas porque no se la pudo sacar en tiempo y forma al mercado. Bueno, se pas\u00f3 y vienen detr\u00e1s otras variedades. Ah\u00ed est\u00e1n los resultados.<\/p>\n\n\n\n<p>-\u00bfEst\u00e1n tirando entonces varios productores ah\u00ed en tu zona los excedentes de mandarina criolla que no se pudieron colocar en el mercado, porque la demanda baj\u00f3 bastante por la crisis econ\u00f3mica?<\/p>\n\n\n\n<p>-Exactamente, exactamente.<\/p>\n\n\n\n<p>Calgaro cont\u00f3 que una opci\u00f3n que tienen los productores ante una baj\u00f3n de la demanda como el que se registra es enviar la fruta de descarte a las f\u00e1bricas de jugo. Pero las jugueras \u201cest\u00e1n saturadas\u201d y adem\u00e1s le dan prioridad al procesamiento de naranjas para jugo, que es un producto que est\u00e1 cotizando bien en los mercados internacionalo.es.<\/p>\n\n\n\n<p>\u201cYo en este momento estoy adelante de la f\u00e1brica de nuestra Cooperativa. Hay mandarina y est\u00e1 trabajando las 24 horas la f\u00e1brica. Hay muchos productores que vienen a tratar de salvar, qu\u00e9 s\u00e9 yo, el costo del gasoil\u201d, cont\u00f3 el dirigente.<\/p>\n\n\n\n<p>-\u00bfLa venden a la juguera para tratar de recuperar el gasoil que gastaron en la cosecha?<\/p>\n\n\n\n<p>-El gasoil, si. Vos escuch\u00e1s que aumenta y aumenta. Y seguimos con los impuestos, que aumentan y aumenta \u00bfVu\u00e1ndo van a parar? Vos dec\u00eds en un momento, ya est\u00e1. \u00a1Paren! \u00a1Paren un poco, ya est\u00e1! Eso te preocupa porque te aumentan los costos de producci\u00f3n. Lo peor le puede pasar a un productor es ver tirar su producci\u00f3n, porque detr\u00e1s de cada mandarina hay mucho esfuerzo, mucho sacrificio.<\/p>\n\n\n\n<p>-Esta que se muestra en el video es adem\u00e1s fruta que se cosech\u00f3 y guard\u00f3. No es que qued\u00f3 el \u00e1rbol sin cosechar\u2026<\/p>\n\n\n\n<p>-Exactamente, se hicieron los gastos de cosecha, incluso alguno tuvo algunos d\u00edas en c\u00e1mara para aguantarla, a ver si pod\u00eda evitar tirarla. Pero bueno, no hay salida (hacia el mercado) y se vienen otras variedades, y hay que tirarla. S\u00ed tenemos conocimiento de que mucha fruta de esta variedad va a quedar en planta. Se anuncian heladas el domingo. Creo que seguramente va a ayudar a que se vayan al piso.<\/p>\n\n\n\n<p><\/p>\n\n\n\n<figure class=\"wp-block-image size-large\"><img loading=\"lazy\" decoding=\"async\" width=\"1024\" height=\"771\" src=\"https:\/\/impactodenoticias.com.ar\/wp-content\/uploads\/2024\/06\/mandarinas-1-1024x771.jpg\" alt=\"\" class=\"wp-image-546\" srcset=\"https:\/\/impactodenoticias.com.ar\/wp-content\/uploads\/2024\/06\/mandarinas-1-1024x771.jpg 1024w, https:\/\/impactodenoticias.com.ar\/wp-content\/uploads\/2024\/06\/mandarinas-1-300x226.jpg 300w, https:\/\/impactodenoticias.com.ar\/wp-content\/uploads\/2024\/06\/mandarinas-1-768x578.jpg 768w, https:\/\/impactodenoticias.com.ar\/wp-content\/uploads\/2024\/06\/mandarinas-1.jpg 1221w\" sizes=\"auto, (max-width: 1024px) 100vw, 1024px\" \/><\/figure>\n\n\n\n<p><\/p>\n\n\n\n<p>-\u00bfCu\u00e1nto puede aguantar una vez cosechada la mandarina al menos hasta que sea procesada?<\/p>\n\n\n\n<p>-No pod\u00e9s aguantar todo eso, tiene que llegar y ser exprimido. Y cuando vos ves que est\u00e1n las colas de camiones y de camionetas, con los acopladitos, con todo el mundo queriendo entrar a salvarse, se complica el panorama. Entonces, hay que poner cupo, darle la posibilidad a que todos los productores puedan entregar un poco de fruta. En los \u00faltimos a\u00f1os ac\u00e1 se hicieron pr\u00e1cticamente cuatro o cinco f\u00e1bricas en la regi\u00f3n, pero est\u00e1n todas saturadas.<\/p>\n\n\n\n<p>Calgaro apunta que el mercado de mandarinas se distribuye un 70% para el consumo en fresco, un 20% para la industria y solo 10% para la exportaci\u00f3n. Y explica: \u201cLa f\u00e1brica est\u00e1 preparada para absorber ese 20%, pero no para que te llegue un 50% de la producci\u00f3n\u201d, que es la que no se pudo colocar en el mercado fresco.<\/p>\n\n\n\n<p>-\u00bfTen\u00e9s idea de la cantidad de toneladas que pueden estar tir\u00e1ndose o no han hecho la cuenta?<\/p>\n\n\n\n<p>-En las im\u00e1genes se puede ver una parte de la planta de tratamiento del municipio, pero tranqueras adentro, en muchas de las propiedades, todo el mundo tiene su dep\u00f3sito, y ahora son residuos, ya est\u00e1 podida, la fruta va a parar ah\u00ed. Entonces vos ves montones de fruta en las propiedades.<\/p>\n\n\n\n<p>-M\u00e1s all\u00e1 de esta situaci\u00f3n puntual con la mandarina criolla, que esperemos no se repita con las otras variedades de c\u00edtricos que salen al mercado, \u00bfc\u00f3mo va la campa\u00f1a?<\/p>\n\n\n\n<p>-Mir\u00e1, estamos en plena zafra. Te dir\u00eda que vamos a tres meses de una zafra que dura nueve, porque ahora hay variedades que pr\u00e1cticamente se juntan con las otras. Cada vez hay m\u00e1s variedad y el ciclo es pr\u00e1cticamente todo el a\u00f1o. Pero se vino abajo, se vino muy abajo. Ven\u00edamos bastante bien, y comenz\u00f3 a desplomarse. Notamos nosotros que hay un problema serio en el consumo, no hay fuerza, porque si hoy te pagan 150 pesos un kilo, a la f\u00e1brica ya no le est\u00e1n cerrando los n\u00fameros tampoco a 150. Enfrente ten\u00e9s un litro de gasoil que en el interior vale 1300 pesos. \u00bfCu\u00e1ntos kilos necesitas de mandarina para comprar un litro de gasoil? Y bueno, estamos complicados, porque aparte se suman todos los costos. Arrancamos as\u00ed, tenemos miedo que por ah\u00ed esto pase a otra producci\u00f3n, a otra variedad. que se prolongue en el tiempo.<\/p>\n\n\n\n<p>Bichos de Campo<\/p>\n","protected":false},"excerpt":{"rendered":"<p>Si la imagen de los galpones del gobierno atestados de comida que no se distribuye a los sectores populares que los necesitan ya provoc&oacute; la reacci&oacute;n de muchos sectores, saber que en la Argentina volvi&oacute; a tirarse fruta por la falta de mercados para colocarla es m&aacute;s de indignante. Esta lamentable situaci&oacute;n sucede en la [&hellip;]<\/p>\n","protected":false},"author":2,"featured_media":547,"comment_status":"open","ping_status":"open","sticky":false,"template":"","format":"standard","meta":{"footnotes":""},"categories":[4,49],"tags":[214,211,33,212,213],"class_list":["post-545","post","type-post","status-publish","format-standard","has-post-thumbnail","hentry","category-provinciales","category-sociedad","tag-basurero","tag-chajari","tag-entre-rios","tag-javier-milei","tag-villa-del-rosario"],"_links":{"self":[{"href":"https:\/\/impactodenoticias.com.ar\/index.php?rest_route=\/wp\/v2\/posts\/545","targetHints":{"allow":["GET"]}}],"collection":[{"href":"https:\/\/impactodenoticias.com.ar\/index.php?rest_route=\/wp\/v2\/posts"}],"about":[{"href":"https:\/\/impactodenoticias.com.ar\/index.php?rest_route=\/wp\/v2\/types\/post"}],"author":[{"embeddable":true,"href":"https:\/\/impactodenoticias.com.ar\/index.php?rest_route=\/wp\/v2\/users\/2"}],"replies":[{"embeddable":true,"href":"https:\/\/impactodenoticias.com.ar\/index.php?rest_route=%2Fwp%2Fv2%2Fcomments&post=545"}],"version-history":[{"count":1,"href":"https:\/\/impactodenoticias.com.ar\/index.php?rest_route=\/wp\/v2\/posts\/545\/revisions"}],"predecessor-version":[{"id":548,"href":"https:\/\/impactodenoticias.com.ar\/index.php?rest_route=\/wp\/v2\/posts\/545\/revisions\/548"}],"wp:featuredmedia":[{"embeddable":true,"href":"https:\/\/impactodenoticias.com.ar\/index.php?rest_route=\/wp\/v2\/media\/547"}],"wp:attachment":[{"href":"https:\/\/impactodenoticias.com.ar\/index.php?rest_route=%2Fwp%2Fv2%2Fmedia&parent=545"}],"wp:term":[{"taxonomy":"category","embeddable":true,"href":"https:\/\/impactodenoticias.com.ar\/index.php?rest_route=%2Fwp%2Fv2%2Fcategories&post=545"},{"taxonomy":"post_tag","embeddable":true,"href":"https:\/\/impactodenoticias.com.ar\/index.php?rest_route=%2Fwp%2Fv2%2Ftags&post=545"}],"curies":[{"name":"wp","href":"https:\/\/api.w.org\/{rel}","templated":true}]}}