{"id":5507,"date":"2024-10-14T18:40:15","date_gmt":"2024-10-14T21:40:15","guid":{"rendered":"https:\/\/impactodenoticias.com.ar\/?p=5507"},"modified":"2024-10-17T09:55:42","modified_gmt":"2024-10-17T12:55:42","slug":"frigerio-presentara-este-martes-el-presupuesto-2025","status":"publish","type":"post","link":"https:\/\/impactodenoticias.com.ar\/?p=5507","title":{"rendered":"Frigerio presentar\u00e1 este martes el Presupuesto 2025"},"content":{"rendered":"\n<h3 class=\"wp-block-heading\">Ser\u00e1 en el recinto de la C\u00e1mara de Diputados, en la fecha que lo dispone la Constituci\u00f3n.<\/h3>\n\n\n\n<p>El Gobernador de la provincia de Entre R\u00edos, Rogelio Frigerio, presentar\u00e1 este martes 15 a las 11, el Proyecto de Ley Presupuesto General de la Administraci\u00f3n para el ejercicio 2025, en el Recinto de la C\u00e1mara de Diputados.<\/p>\n\n\n\n<p>La norma ser\u00e1 introducida por el mandatario el 15 de octubre, fecha l\u00edmite dispuesta constitucionalmente para el ingreso de la norma. Se aguarda con expectativa conocer lo proyectado por la gesti\u00f3n en materia de ingresos, obra p\u00fablica y erogaciones.<\/p>\n\n\n\n<p>Frigerio viene trabajando en un modelo nuevo de presupuesto, denominado Base Cero, que implica reevaluar los programas ya existentes y heredados del gobierno de Gustavo Bordet y establecer un nuevo criterio de prioridades.<\/p>\n\n\n\n<p>Quienes quieran seguir en vivo la presentaci\u00f3n podr\u00e1n hacerlo a trav\u00e9s del canal de Youtube, en el link <a href=\"https:\/\/www.youtube.com\/live\/FqfVhM1bTag\">https:\/\/www.youtube.com\/live\/FqfVhM1bTag<\/a><\/p>\n","protected":false},"excerpt":{"rendered":"<p>Ser&aacute; en el recinto de la C&aacute;mara de Diputados, en la fecha que lo dispone la Constituci&oacute;n. El Gobernador de la provincia de Entre R&iacute;os, Rogelio Frigerio, presentar&aacute; este martes 15 a las 11, el Proyecto de Ley Presupuesto General de la Administraci&oacute;n para el ejercicio 2025, en el Recinto de la C&aacute;mara de Diputados. [&hellip;]<\/p>\n","protected":false},"author":2,"featured_media":5510,"comment_status":"open","ping_status":"open","sticky":false,"template":"","format":"standard","meta":{"footnotes":""},"categories":[11,4],"tags":[616,2335,2291,39],"class_list":["post-5507","post","type-post","status-publish","format-standard","has-post-thumbnail","hentry","category-politica","category-provinciales","tag-616","tag-presentacion","tag-presupuesto","tag-rogelio-frigerio"],"_links":{"self":[{"href":"https:\/\/impactodenoticias.com.ar\/index.php?rest_route=\/wp\/v2\/posts\/5507","targetHints":{"allow":["GET"]}}],"collection":[{"href":"https:\/\/impactodenoticias.com.ar\/index.php?rest_route=\/wp\/v2\/posts"}],"about":[{"href":"https:\/\/impactodenoticias.com.ar\/index.php?rest_route=\/wp\/v2\/types\/post"}],"author":[{"embeddable":true,"href":"https:\/\/impactodenoticias.com.ar\/index.php?rest_route=\/wp\/v2\/users\/2"}],"replies":[{"embeddable":true,"href":"https:\/\/impactodenoticias.com.ar\/index.php?rest_route=%2Fwp%2Fv2%2Fcomments&post=5507"}],"version-history":[{"count":1,"href":"https:\/\/impactodenoticias.com.ar\/index.php?rest_route=\/wp\/v2\/posts\/5507\/revisions"}],"predecessor-version":[{"id":5511,"href":"https:\/\/impactodenoticias.com.ar\/index.php?rest_route=\/wp\/v2\/posts\/5507\/revisions\/5511"}],"wp:featuredmedia":[{"embeddable":true,"href":"https:\/\/impactodenoticias.com.ar\/index.php?rest_route=\/wp\/v2\/media\/5510"}],"wp:attachment":[{"href":"https:\/\/impactodenoticias.com.ar\/index.php?rest_route=%2Fwp%2Fv2%2Fmedia&parent=5507"}],"wp:term":[{"taxonomy":"category","embeddable":true,"href":"https:\/\/impactodenoticias.com.ar\/index.php?rest_route=%2Fwp%2Fv2%2Fcategories&post=5507"},{"taxonomy":"post_tag","embeddable":true,"href":"https:\/\/impactodenoticias.com.ar\/index.php?rest_route=%2Fwp%2Fv2%2Ftags&post=5507"}],"curies":[{"name":"wp","href":"https:\/\/api.w.org\/{rel}","templated":true}]}}