{"id":5512,"date":"2024-10-14T18:51:48","date_gmt":"2024-10-14T21:51:48","guid":{"rendered":"https:\/\/impactodenoticias.com.ar\/?p=5512"},"modified":"2024-10-17T09:55:28","modified_gmt":"2024-10-17T12:55:28","slug":"no-habra-servicio-de-recoleccion-de-residuos-en-concordia-debido-a-un-reclamo-salarial","status":"publish","type":"post","link":"https:\/\/impactodenoticias.com.ar\/?p=5512","title":{"rendered":"No habr\u00e1 servicio de recolecci\u00f3n de residuos en Concordia debido a un reclamo salarial"},"content":{"rendered":"\n<h3 class=\"wp-block-heading\">Por el mal estado de los camiones destinados al servicio, recolectores de residuos de Concordia decidieron llevar adelante un paro de 72 horas. A pesar de la reuni\u00f3n que mantuvieroncon el intendente Francisco Azcu\u00e9 durante la ma\u00f1ana de este lunes, el conflicto no se ha resuelto.<\/h3>\n\n\n\n<p>Sebasti\u00e1n Mart\u00ednez, vocero de los trabajadores de recolecci\u00f3n, expres\u00f3: \u201cHasta el mi\u00e9rcoles no hay recolecci\u00f3n. Hicimos una asamblea con los compa\u00f1eros el viernes y este lunes volvimos a reunirnos y le planteamos al intendente que los camiones est\u00e1n en mal estado\u201d.<\/p>\n\n\n\n<p>\u201cEl \u00faltimo paro que hicimos fue de 48 horas y fue por este mismo tema. Seguimos estando en las mismas condiciones, eso no se solucion\u00f3 y se lo dijimos a Azcu\u00e9\u201d, agreg\u00f3, en declaraciones radiales: \u201cLa otra vez no tuvimos soluciones y ahora tampoco nos ofrecieron ninguna\u201d, apunt\u00f3.<\/p>\n\n\n\n<p>Consultado sobre el estado de los camiones, se\u00f1al\u00f3: \u201cLas condiciones son realmente deplorables y por eso llegamos a esta medida. Ya ven\u00edamos avisando hace dos meses que esto ocurrir\u00eda porque hacemos nuestro trabajo, pero los camiones realmente no est\u00e1n en condiciones. A esto el intendente lo sabe, nos promete que los arreglar\u00e1, pero no ha cumplido\u201d.<\/p>\n\n\n\n<p>Sobre el acuerdo al que llegaron con la intendencia durante la protesta anterior, indic\u00f3: \u201cHab\u00edamos llegado a un acuerdo. Salimos a trabajar y ellos nos prometieron que arreglar\u00edan los camiones. Dijeron que har\u00edan un mantenimiento completo de los veh\u00edculos, pero no lo cumplieron, as\u00ed que por eso volvimos a reunirnos y a parar la recolecci\u00f3n, ya que el arreglo que hicieron dura un mes\u201d.<\/p>\n\n\n\n<p>\u201cHoy tenemos 3 camiones, sobre un total de 14, en condiciones de salir a trabajar. Los pon\u00e9s en marcha y arrancan, as\u00ed sea con \u2018puente\u2019, que hacemos para que funcionen algunos, pero no est\u00e1n en condiciones, est\u00e1n muy complicados y corremos riesgo nosotros y la gente que transita en las calles de nuestra ciudad\u201d, finaliz\u00f3.<\/p>\n","protected":false},"excerpt":{"rendered":"<p>Por el mal estado de los camiones destinados al servicio, recolectores de residuos de Concordia decidieron llevar adelante un paro de 72 horas. A pesar de la reuni&oacute;n que mantuvieroncon el intendente Francisco Azcu&eacute; durante la ma&ntilde;ana de este lunes, el conflicto no se ha resuelto. Sebasti&aacute;n Mart&iacute;nez, vocero de los trabajadores de recolecci&oacute;n, expres&oacute;: [&hellip;]<\/p>\n","protected":false},"author":2,"featured_media":5513,"comment_status":"open","ping_status":"open","sticky":false,"template":"","format":"standard","meta":{"footnotes":""},"categories":[91,4],"tags":[72,1453,2410,1310,747,1975],"class_list":["post-5512","post","type-post","status-publish","format-standard","has-post-thumbnail","hentry","category-gremiales","category-provinciales","tag-concordia","tag-reclamo","tag-recoleccion","tag-residuos","tag-salarial","tag-sin"],"_links":{"self":[{"href":"https:\/\/impactodenoticias.com.ar\/index.php?rest_route=\/wp\/v2\/posts\/5512","targetHints":{"allow":["GET"]}}],"collection":[{"href":"https:\/\/impactodenoticias.com.ar\/index.php?rest_route=\/wp\/v2\/posts"}],"about":[{"href":"https:\/\/impactodenoticias.com.ar\/index.php?rest_route=\/wp\/v2\/types\/post"}],"author":[{"embeddable":true,"href":"https:\/\/impactodenoticias.com.ar\/index.php?rest_route=\/wp\/v2\/users\/2"}],"replies":[{"embeddable":true,"href":"https:\/\/impactodenoticias.com.ar\/index.php?rest_route=%2Fwp%2Fv2%2Fcomments&post=5512"}],"version-history":[{"count":1,"href":"https:\/\/impactodenoticias.com.ar\/index.php?rest_route=\/wp\/v2\/posts\/5512\/revisions"}],"predecessor-version":[{"id":5514,"href":"https:\/\/impactodenoticias.com.ar\/index.php?rest_route=\/wp\/v2\/posts\/5512\/revisions\/5514"}],"wp:featuredmedia":[{"embeddable":true,"href":"https:\/\/impactodenoticias.com.ar\/index.php?rest_route=\/wp\/v2\/media\/5513"}],"wp:attachment":[{"href":"https:\/\/impactodenoticias.com.ar\/index.php?rest_route=%2Fwp%2Fv2%2Fmedia&parent=5512"}],"wp:term":[{"taxonomy":"category","embeddable":true,"href":"https:\/\/impactodenoticias.com.ar\/index.php?rest_route=%2Fwp%2Fv2%2Fcategories&post=5512"},{"taxonomy":"post_tag","embeddable":true,"href":"https:\/\/impactodenoticias.com.ar\/index.php?rest_route=%2Fwp%2Fv2%2Ftags&post=5512"}],"curies":[{"name":"wp","href":"https:\/\/api.w.org\/{rel}","templated":true}]}}