{"id":552,"date":"2024-06-28T17:05:06","date_gmt":"2024-06-28T20:05:06","guid":{"rendered":"https:\/\/impactodenoticias.com.ar\/?p=552"},"modified":"2024-06-28T17:17:52","modified_gmt":"2024-06-28T20:17:52","slug":"se-secuestro-en-la-carcel-de-parana-celulares-a-un-peligroso-pedofilo-ex-productor-del-periodista-daniel-enz","status":"publish","type":"post","link":"https:\/\/impactodenoticias.com.ar\/?p=552","title":{"rendered":"Se secuestr\u00f3 en la c\u00e1rcel de Paran\u00e1 celulares a un peligroso ped\u00f3filo ex productor del Periodista Daniel Enz"},"content":{"rendered":"\n<h3 class=\"wp-block-heading\">Mario Ren\u00e9 Wolff Furlong, polic\u00eda retirado y ex socio y productor del premiado periodista Paranaense, Daniel Enz, cumple 22 a\u00f1os de condena en la Unidad Penal 1 de Paran\u00e1.<\/h3>\n\n\n\n<p>Seg\u00fan supo <strong>IMPACTO DE NOTICIAS<\/strong>, en una requisa, realizada en el pabell\u00f3n 19, en la ma\u00f1ana de \u00e9ste viernes, le secuestraron un tel\u00e9fono celular , ahora se espera que la jueza de ejecuci\u00f3n penal ordene peritar el aparato y deslindar responsabilidades, investigar si desde la c\u00e1rcel no sigue dirigiendo una red de trata de menores o pedofilia. Sorprende el silencio del destacado comunicador del programa <strong>Cuesti\u00f3n de Fondo<\/strong> y la revista <strong>An\u00e1lisis.<\/strong><\/p>\n\n\n\n<p><\/p>\n\n\n\n<figure class=\"wp-block-image size-full is-resized\"><img loading=\"lazy\" decoding=\"async\" width=\"560\" height=\"362\" src=\"https:\/\/impactodenoticias.com.ar\/wp-content\/uploads\/2024\/06\/d9c5de_971899ca30bb4d0abfe2f76e06b18cd6mv2_d_2560_1920_s_2.webp\" alt=\"\" class=\"wp-image-553\" style=\"width:840px;height:auto\" srcset=\"https:\/\/impactodenoticias.com.ar\/wp-content\/uploads\/2024\/06\/d9c5de_971899ca30bb4d0abfe2f76e06b18cd6mv2_d_2560_1920_s_2.webp 560w, https:\/\/impactodenoticias.com.ar\/wp-content\/uploads\/2024\/06\/d9c5de_971899ca30bb4d0abfe2f76e06b18cd6mv2_d_2560_1920_s_2-300x194.webp 300w\" sizes=\"auto, (max-width: 560px) 100vw, 560px\" \/><figcaption class=\"wp-element-caption\"><strong>Unidad Penal Nro 1, Paran\u00e1.<\/strong><\/figcaption><\/figure>\n\n\n\n<p><\/p>\n\n\n\n<p>Woff Furlong fue condenado a la pena de 22 a\u00f1os por el delito de pedofilia, tal vez uno de los delitos m\u00e1s aberrantes para la humanidad, someter a violaciones, abusos, torturas f\u00edsicas y psicol\u00f3gicas a ni\u00f1os, es llevarlos a una muerte de agon\u00eda lenta en el caso que sobrevivir f\u00edsica o psicol\u00f3gicamente.<\/p>\n\n\n\n<p>El degenerado polic\u00eda retirado, que supo usar la estructura policial y la puso al servicio de la organizaci\u00f3n que seg\u00fan se comprob\u00f3 en la justicia abuso de ni\u00f1os muy peque\u00f1os,lograba as\u00ed protecci\u00f3n para \u00e9l y a su vez encubr\u00eda a los otros integrantes de la macabra organizaci\u00f3n ; claro que tambi\u00e9n se vali\u00f3 del silencio protector de qui\u00e9n mediante sus influencias intentaban conseguir beneficios.<\/p>\n\n\n\n<p>Furlong no era un polic\u00eda m\u00e1s. En su paso por la actividad jam\u00e1s se destac\u00f3 por el uso del uniforme y nadie entend\u00eda c\u00f3mo logr\u00f3 conformar la plana mayor y ser nada menos que el responsable de area de inteligencia de la polic\u00eda de Entre Rios. Era intocable en la fuerza, todos lo tem\u00edan hasta el propio Roberto Massuh, ex jefe de la Instituci\u00f3n a pesar de todo el poder que representaba, el porqu\u00e9 lo tem\u00edan, ten\u00eda nombre y apellido, Daniel Enz, el periodista premiado en varias ocasiones por su tarea investigativa period\u00edstica, era el hombre poderoso que apuntalaba y proteg\u00eda a \u00abMarito\u00bb, como lo llamaban los m\u00e1s cercanos.<\/p>\n\n\n\n<p>Ya por aquellos a\u00f1os desembarc\u00f3 en la subdirecci\u00f3n de inteligencia de la jefatura de polic\u00eda, pero los otros integrantes de la plana mayor sol\u00edan decir que solo hac\u00eda uso de los beneficios, (vi\u00e1ticos, alojamiento para el su familia y amigos). Un ex director mencion\u00f3 durante el tiempo del juicio su preocupaci\u00f3n por la utilizaci\u00f3n del \u00ab\u00e1rbol negro\u00bb, la caba\u00f1a que tiene la Polic\u00eda Entrerriana a orillas del r\u00edo, en la ciudad de La Paz, cuentan los encargados de las caballerizas y de los conejos de Massuh, que sol\u00eda pasar los fines de semana acompa\u00f1ado, que deb\u00edan poner a disposici\u00f3n la lancha y combustible, porque Furlong en teoria pescaba y cazaba, en la pr\u00e1ctica nadia lo sab\u00eda, porque la orden era no acercarse al lugar.<\/p>\n\n\n\n<p>Con total impunidad, el ex productor del programa period\u00edstico que se emite por canal 9, <strong>\u00abCuesti\u00f3n de Fondo\u00bb<\/strong>, se manejaba desde las sombras. Durante el proceso, todos los medios se hicieron eco del juicio, del aberrante hecho, todos menos, Daniel Enz o su grupo de periodistas especializados en noticias judiciales y policiales, estaban tan ocupados en otros casos que tocaba al ambiente pol\u00edtico que se olvidaron de mencionar que conviv\u00edan con un abusador de menores. Jam\u00e1s el premiado periodista hizo una sola menci\u00f3n o anunci\u00f3 la desvinculaci\u00f3n del ped\u00f3filo de su grupo de staff. Parec\u00eda que ese esp\u00edritu de periodista, valiente, investigador, ue descubriera hechos relevantes para nuestra sociedad, se olvid\u00f3 de escribir o de hablar, nada dijo y jam\u00e1s pidi\u00f3 disculpas o manifest\u00f3 verg\u00fcenza y arrepentimiento por tener un socio abusador y ped\u00f3filo.<\/p>\n\n\n\n<p>En fin, a todos les llega la hora, solo que algunos usan sus influencias y logran dilatarlo m\u00e1s.<\/p>\n\n\n\n<p>Mario Woff Furlong, volvi\u00f3 a burlarse de la justicia, las instituciones y la sociedad, no va camino a resociabilizarse, de convertirse en un individuo preparado para insertarse nuevamente en la vida de todos y amalgarse lentamente en el tejido social. Demostr\u00f3 que no aprendi\u00f3 nada y no est\u00e1 arrepentido, enfrenta a la justicia, se burla y se jacta de tener amigos poderosos. Pero este ser\u00e1 el l\u00edmite, ya que no es solo Woff Furlong quien est\u00e1 en la mira social, tambi\u00e9n los jueces que estaba evaluando otorgarle el beneficio de la domiciliaria, qued\u00f3 claro que desaf\u00eda a las instituciones, que sigue cometiendo delito, no entiende de lo prohibido y avanza como si nada ocurri\u00f3.<\/p>\n\n\n\n<p>Habr\u00e1 que aguardar en las pr\u00f3ximas horas que la justicia, se supone la Jueza de Ejecuci\u00f3n Penal, Cecilia Bertora de d\u00f3nde depende Furlong, ordene el peritaje del tel\u00e9fono secuestrado por el servicio penitenciario, para tranquilidad interna, y descubrir c\u00f3mo entr\u00f3 el tel\u00e9fono a la c\u00e1rcel y lo m\u00e1s importante, descartar que siga vinculado con alguna organizaci\u00f3n que pueda corromper menores.<\/p>\n","protected":false},"excerpt":{"rendered":"<p>Mario Ren&eacute; Wolff Furlong, polic&iacute;a retirado y ex socio y productor del premiado periodista Paranaense, Daniel Enz, cumple 22 a&ntilde;os de condena en la Unidad Penal 1 de Paran&aacute;. Seg&uacute;n supo IMPACTO DE NOTICIAS, en una requisa, realizada en el pabell&oacute;n 19, en la ma&ntilde;ana de &eacute;ste viernes, le secuestraron un tel&eacute;fono celular , ahora [&hellip;]<\/p>\n","protected":false},"author":2,"featured_media":554,"comment_status":"open","ping_status":"open","sticky":false,"template":"","format":"standard","meta":{"footnotes":""},"categories":[90,3,8,4],"tags":[223,221,222,33,219,95,220,224],"class_list":["post-552","post","type-post","status-publish","format-standard","has-post-thumbnail","hentry","category-judicial","category-locales","category-policiales","category-provinciales","tag-analisis","tag-celular","tag-daniel-enz","tag-entre-rios","tag-mario-rene-wolff-furlong","tag-parana","tag-secuestro","tag-unidad-penal-1"],"_links":{"self":[{"href":"https:\/\/impactodenoticias.com.ar\/index.php?rest_route=\/wp\/v2\/posts\/552","targetHints":{"allow":["GET"]}}],"collection":[{"href":"https:\/\/impactodenoticias.com.ar\/index.php?rest_route=\/wp\/v2\/posts"}],"about":[{"href":"https:\/\/impactodenoticias.com.ar\/index.php?rest_route=\/wp\/v2\/types\/post"}],"author":[{"embeddable":true,"href":"https:\/\/impactodenoticias.com.ar\/index.php?rest_route=\/wp\/v2\/users\/2"}],"replies":[{"embeddable":true,"href":"https:\/\/impactodenoticias.com.ar\/index.php?rest_route=%2Fwp%2Fv2%2Fcomments&post=552"}],"version-history":[{"count":3,"href":"https:\/\/impactodenoticias.com.ar\/index.php?rest_route=\/wp\/v2\/posts\/552\/revisions"}],"predecessor-version":[{"id":559,"href":"https:\/\/impactodenoticias.com.ar\/index.php?rest_route=\/wp\/v2\/posts\/552\/revisions\/559"}],"wp:featuredmedia":[{"embeddable":true,"href":"https:\/\/impactodenoticias.com.ar\/index.php?rest_route=\/wp\/v2\/media\/554"}],"wp:attachment":[{"href":"https:\/\/impactodenoticias.com.ar\/index.php?rest_route=%2Fwp%2Fv2%2Fmedia&parent=552"}],"wp:term":[{"taxonomy":"category","embeddable":true,"href":"https:\/\/impactodenoticias.com.ar\/index.php?rest_route=%2Fwp%2Fv2%2Fcategories&post=552"},{"taxonomy":"post_tag","embeddable":true,"href":"https:\/\/impactodenoticias.com.ar\/index.php?rest_route=%2Fwp%2Fv2%2Ftags&post=552"}],"curies":[{"name":"wp","href":"https:\/\/api.w.org\/{rel}","templated":true}]}}