{"id":5640,"date":"2024-10-15T18:50:09","date_gmt":"2024-10-15T21:50:09","guid":{"rendered":"https:\/\/impactodenoticias.com.ar\/?p=5640"},"modified":"2024-10-17T09:54:54","modified_gmt":"2024-10-17T12:54:54","slug":"amet-en-estado-de-alerta-por-faltas-de-fondos-para-los-docentes-de-escuelas-tecnicas-entrerrianas","status":"publish","type":"post","link":"https:\/\/impactodenoticias.com.ar\/?p=5640","title":{"rendered":"AMET en estado de alerta por faltas de Fondos para los docentes de escuelas t\u00e9cnicas entrerrianas"},"content":{"rendered":"\n<p class=\"has-medium-font-size\"><strong>La medida fue tomada tras las declaraciones del Director Ejecutivo del INET, Ludovico Grillo, subrayando la suspensi\u00f3n de los fondos la Educaci\u00f3n T\u00e9cnico Profesional (ETP) en el presupuesto nacional para el a\u00f1o 2025.<\/strong><\/p>\n\n\n\n<p>Tambi\u00e9n esperan la convocatoria del Ejecutivo provincial para continuar con la paritaria. Este mi\u00e9rcoles y jueves har\u00e1n asambleas en las diferentes escuelas para analizar las medidas a tomar.<\/p>\n\n\n\n<p>En una reuni\u00f3n de Comisi\u00f3n Directiva ampliada, se analiz\u00f3 lo declarado por Director Ejecutivo del INET Ludovico Grillo en el que destac\u00f3 la suspensi\u00f3n de los fondos la Educaci\u00f3n T\u00e9cnico Profesional (ETP) en el presupuesto nacional para el a\u00f1o 2025. Adem\u00e1s, Grillo se\u00f1al\u00f3 la posibilidad de reducci\u00f3n de los a\u00f1os de cursados en la ETP para los alumnos.<\/p>\n\n\n\n<p>Debido a estas declaraciones, el gremio docente se declar\u00f3 en Estado de Alerta debido a la falta de recursos y fondos para la ETP y llam\u00f3 a asambleas de bases de 2 horas por turno para el mi\u00e9rcoles y\/o jueves del corriente para analizar y evaluar la situaci\u00f3n.<\/p>\n\n\n\n<p>Cabe se\u00f1alar que Grillo responsabiliz\u00f3 a los gobiernos provinciales de que \u201cen muchos casos los recursos no llegan a las escuelas por la ineficiencia, la burocracia y los controles desmedidos que atentan contra el proceso administrativo por el cual las escuelas a trav\u00e9s de los planes de mejoras presenta su proyectos, avalados por la provincia y por el INET\u201d.<\/p>\n\n\n\n<p>Sobre la paritaria docente provincial, AMET espera la convocatoria del Gobierno. Adem\u00e1s informaron que: \u201csolo hemos recepcionado las consultas de los docentes a los que le han llegado mensajes del Gobierno en sus correos electr\u00f3nicos y tel\u00e9fonos celulares, de manera particular y durante el fin de semana, haciendo uso de la actualizaci\u00f3n de los mismos que exigi\u00f3 el Gobierno d\u00edas atr\u00e1s, comentando sobre las recomposici\u00f3n salarial que el mismo implement\u00f3 por decreto\u201d.<\/p>\n","protected":false},"excerpt":{"rendered":"<p>La medida fue tomada tras las declaraciones del Director Ejecutivo del INET, Ludovico Grillo, subrayando la suspensi&oacute;n de los fondos la Educaci&oacute;n T&eacute;cnico Profesional (ETP) en el presupuesto nacional para el a&ntilde;o 2025. Tambi&eacute;n esperan la convocatoria del Ejecutivo provincial para continuar con la paritaria. Este mi&eacute;rcoles y jueves har&aacute;n asambleas en las diferentes escuelas [&hellip;]<\/p>\n","protected":false},"author":2,"featured_media":5641,"comment_status":"open","ping_status":"open","sticky":false,"template":"","format":"standard","meta":{"footnotes":""},"categories":[91,11,4],"tags":[1613,801,122,2447,2448],"class_list":["post-5640","post","type-post","status-publish","format-standard","has-post-thumbnail","hentry","category-gremiales","category-politica","category-provinciales","tag-alerta","tag-amet","tag-estado","tag-etp","tag-ludovico-grillo"],"_links":{"self":[{"href":"https:\/\/impactodenoticias.com.ar\/index.php?rest_route=\/wp\/v2\/posts\/5640","targetHints":{"allow":["GET"]}}],"collection":[{"href":"https:\/\/impactodenoticias.com.ar\/index.php?rest_route=\/wp\/v2\/posts"}],"about":[{"href":"https:\/\/impactodenoticias.com.ar\/index.php?rest_route=\/wp\/v2\/types\/post"}],"author":[{"embeddable":true,"href":"https:\/\/impactodenoticias.com.ar\/index.php?rest_route=\/wp\/v2\/users\/2"}],"replies":[{"embeddable":true,"href":"https:\/\/impactodenoticias.com.ar\/index.php?rest_route=%2Fwp%2Fv2%2Fcomments&post=5640"}],"version-history":[{"count":1,"href":"https:\/\/impactodenoticias.com.ar\/index.php?rest_route=\/wp\/v2\/posts\/5640\/revisions"}],"predecessor-version":[{"id":5642,"href":"https:\/\/impactodenoticias.com.ar\/index.php?rest_route=\/wp\/v2\/posts\/5640\/revisions\/5642"}],"wp:featuredmedia":[{"embeddable":true,"href":"https:\/\/impactodenoticias.com.ar\/index.php?rest_route=\/wp\/v2\/media\/5641"}],"wp:attachment":[{"href":"https:\/\/impactodenoticias.com.ar\/index.php?rest_route=%2Fwp%2Fv2%2Fmedia&parent=5640"}],"wp:term":[{"taxonomy":"category","embeddable":true,"href":"https:\/\/impactodenoticias.com.ar\/index.php?rest_route=%2Fwp%2Fv2%2Fcategories&post=5640"},{"taxonomy":"post_tag","embeddable":true,"href":"https:\/\/impactodenoticias.com.ar\/index.php?rest_route=%2Fwp%2Fv2%2Ftags&post=5640"}],"curies":[{"name":"wp","href":"https:\/\/api.w.org\/{rel}","templated":true}]}}