{"id":569,"date":"2024-06-29T08:34:27","date_gmt":"2024-06-29T11:34:27","guid":{"rendered":"https:\/\/impactodenoticias.com.ar\/?p=569"},"modified":"2024-06-29T08:34:38","modified_gmt":"2024-06-29T11:34:38","slug":"clima-en-entre-rios-la-ola-de-frio-polar-se-hace-sentir-en-entre-rios","status":"publish","type":"post","link":"https:\/\/impactodenoticias.com.ar\/?p=569","title":{"rendered":"Clima en Entre R\u00edos: la ola de fr\u00edo polar se hace sentir en Entre R\u00edos"},"content":{"rendered":"\n<p><strong>Avanza la masa de fr\u00edo polar sobre la zona central del pa\u00eds, generando un fuerte descenso de las temperaturas. En Paran\u00e1, se esperan m\u00ednimas de dos grados y m\u00e1ximas que apenas alcanzar\u00e1n los 11\u00ba .<\/strong><\/p>\n\n\n\n<p>Con esta llegada de aire fr\u00edo polar se aguarda que las temperaturas bajen de manera muy significativa, con un marcado descenso en la regi\u00f3n durante el s\u00e1bado y potenci\u00e1ndose aun m\u00e1s durante el domingo.<\/p>\n\n\n\n<p>El Servicio Meteorol\u00f3gico Nacional (SMN) pronostica para este s\u00e1bado en Paran\u00e1 y sus alrededores una jornada muy fr\u00eda. La ma\u00f1ana comenzar\u00e1 cielo despejado con 3 grados de temperatura m\u00ednima. Por la tarde, el cielo estar\u00e1 algo nublado y el registr\u00f3 t\u00e9rmico subir\u00e1 apenas a los 11 grados, mientras que a la noche los valores volver\u00e1n a descender bruscamente.<\/p>\n\n\n\n<p>Para el domingo, el clima se mantendr\u00e1 en la misma senda, con dos grados de m\u00ednima y 12 de m\u00e1xima, convirti\u00e9ndose as\u00ed en el d\u00eda m\u00e1s fr\u00edo de la semana, con probables neblinas durante la ma\u00f1ana y cielo despejado hacia la tarde.<\/p>\n\n\n\n<p>Pasado el fin de semana se espera que el viento rote al sector norte y produzca un leve incremento de los registros t\u00e9rmicos sobre gran parte del territorio nacional. Pero este ascenso ser\u00e1 muy leve, y s\u00f3lo servir\u00e1 para pasar de heladas muy intensas a heladas moderadas, por lo que la situaci\u00f3n no cambar\u00e1 de manera sustancial en el inicio del mes de julio.<\/p>\n\n\n\n<p>Mientras que para el lunes, se espera un cielo despejado por la ma\u00f1ana y algo nublado durante la tarde noche, con un leve ascenso de la temperatura, que rondar\u00e1 los 4 y 16 grados. El martes se prev\u00e9 cielo despejado con registros t\u00e9rmicos que oscilar\u00e1n entre los 7 y 16 grados; mientras que para el mi\u00e9rcoles se espera cielo parcialmente nublado con una m\u00ednima estimada en 8 grados y una m\u00e1xima de 17.<\/p>\n\n\n\n<p><\/p>\n\n\n\n<figure class=\"wp-block-image size-full\"><img loading=\"lazy\" decoding=\"async\" width=\"683\" height=\"557\" src=\"https:\/\/impactodenoticias.com.ar\/wp-content\/uploads\/2024\/06\/scrnli_29_6_2024_8-31-33.png\" alt=\"\" class=\"wp-image-570\" srcset=\"https:\/\/impactodenoticias.com.ar\/wp-content\/uploads\/2024\/06\/scrnli_29_6_2024_8-31-33.png 683w, https:\/\/impactodenoticias.com.ar\/wp-content\/uploads\/2024\/06\/scrnli_29_6_2024_8-31-33-300x245.png 300w\" sizes=\"auto, (max-width: 683px) 100vw, 683px\" \/><\/figure>\n\n\n\n<p><\/p>\n\n\n\n<p>Desde Meteored pronostican que para el pr\u00f3ximo jueves se espera la irrupci\u00f3n de otra masa de aire fr\u00edo importante, por lo que mantendr\u00eda un ambiente con valores bajos a muy bajos.<\/p>\n","protected":false},"excerpt":{"rendered":"<p>Avanza la masa de fr&iacute;o polar sobre la zona central del pa&iacute;s, generando un fuerte descenso de las temperaturas. En Paran&aacute;, se esperan m&iacute;nimas de dos grados y m&aacute;ximas que apenas alcanzar&aacute;n los 11&ordm; . Con esta llegada de aire fr&iacute;o polar se aguarda que las temperaturas bajen de manera muy significativa, con un marcado [&hellip;]<\/p>\n","protected":false},"author":2,"featured_media":571,"comment_status":"open","ping_status":"open","sticky":false,"template":"","format":"standard","meta":{"footnotes":""},"categories":[3,49],"tags":[38,33],"class_list":["post-569","post","type-post","status-publish","format-standard","has-post-thumbnail","hentry","category-locales","category-sociedad","tag-clima","tag-entre-rios"],"_links":{"self":[{"href":"https:\/\/impactodenoticias.com.ar\/index.php?rest_route=\/wp\/v2\/posts\/569","targetHints":{"allow":["GET"]}}],"collection":[{"href":"https:\/\/impactodenoticias.com.ar\/index.php?rest_route=\/wp\/v2\/posts"}],"about":[{"href":"https:\/\/impactodenoticias.com.ar\/index.php?rest_route=\/wp\/v2\/types\/post"}],"author":[{"embeddable":true,"href":"https:\/\/impactodenoticias.com.ar\/index.php?rest_route=\/wp\/v2\/users\/2"}],"replies":[{"embeddable":true,"href":"https:\/\/impactodenoticias.com.ar\/index.php?rest_route=%2Fwp%2Fv2%2Fcomments&post=569"}],"version-history":[{"count":1,"href":"https:\/\/impactodenoticias.com.ar\/index.php?rest_route=\/wp\/v2\/posts\/569\/revisions"}],"predecessor-version":[{"id":572,"href":"https:\/\/impactodenoticias.com.ar\/index.php?rest_route=\/wp\/v2\/posts\/569\/revisions\/572"}],"wp:featuredmedia":[{"embeddable":true,"href":"https:\/\/impactodenoticias.com.ar\/index.php?rest_route=\/wp\/v2\/media\/571"}],"wp:attachment":[{"href":"https:\/\/impactodenoticias.com.ar\/index.php?rest_route=%2Fwp%2Fv2%2Fmedia&parent=569"}],"wp:term":[{"taxonomy":"category","embeddable":true,"href":"https:\/\/impactodenoticias.com.ar\/index.php?rest_route=%2Fwp%2Fv2%2Fcategories&post=569"},{"taxonomy":"post_tag","embeddable":true,"href":"https:\/\/impactodenoticias.com.ar\/index.php?rest_route=%2Fwp%2Fv2%2Ftags&post=569"}],"curies":[{"name":"wp","href":"https:\/\/api.w.org\/{rel}","templated":true}]}}