{"id":5720,"date":"2024-10-17T08:26:42","date_gmt":"2024-10-17T11:26:42","guid":{"rendered":"https:\/\/impactodenoticias.com.ar\/?p=5720"},"modified":"2024-10-17T08:27:44","modified_gmt":"2024-10-17T11:27:44","slug":"encuentran-importante-cantidad-de-droga-y-celulares-en-una-requisa-a-un-pabellon-de-la-unidad-penal-nro-1-de-parana","status":"publish","type":"post","link":"https:\/\/impactodenoticias.com.ar\/?p=5720","title":{"rendered":"Encuentran importante cantidad de droga y celulares en una requisa a un pabell\u00f3n de la Unidad Penal NRO. 1 de Paran\u00e1"},"content":{"rendered":"\n<h3 class=\"wp-block-heading\">El procedimiento se llevo a cabo este mi\u00e9rcoles a la ma\u00f1ana. Personal del Servicio Penitenciario realiz\u00f3 una requisa de rutina en el pabell\u00f3n N\u00b08. Se requisaron tres celdas, sectores comunes del pabell\u00f3n, el ba\u00f1o y el patio. Por disposici\u00f3n de Fiscal\u00eda, Toxicolog\u00eda se secuestr\u00f3 el estupefaciente y los celulares. Colabor\u00f3 en el procedimiento personal de comisar\u00eda d\u00e9cima.<\/h3>\n\n\n\n<p>Desde la Jefatura Departamental Paran\u00e1 de la Polic\u00eda de Entre R\u00edos se inform\u00f3 del secuestro de estupefacientes y celulares ilegales en la Unidad Penal N\u00ba1 de Paran\u00e1. Fue durante la ma\u00f1ana de este mi\u00e9rcoles, cuando Personal del Servicio Penitenciario de la Unidad Penal N\u00b01 realiz\u00f3 una requisa de rutina en el pabell\u00f3n N\u00b08, donde primero se encontr\u00f3 en una celda y dentro de un televisor dos medias con ocho gramos de marihuana compactada y 23 con marihuana picada, de las que se hizo cargo uno de los internos.<\/p>\n\n\n\n<p>Luego, en unas zapatillas que estaban en un sector com\u00fan se encontraron tres medias de las que una conten\u00eda 11 bolsas con marihuana, la segunda ten\u00eda 11 envoltorios de nylon con coca\u00edna, en tanto que en la tercera se hall\u00f3 cuatro bolsistas con coca\u00edna, como as\u00ed tambi\u00e9n, a un lado de las medias, se hall\u00f3 un celular Nokia negro con teclado alfanum\u00e9rico, elementos de los que ning\u00fan interno se responsabiliz\u00f3.<\/p>\n\n\n\n<p>Luego en otra de las celdas del mismo pabell\u00f3n se encontr\u00f3 dentro de una bolsa de tela 10 envoltorios de nylon con coca\u00edna, de lo que se hizo cargo un interno. En otra celda se encontr\u00f3, al costado de una cama, dos envoltorios de nylon con coca\u00edna, de los que se hizo cargo otro interno.<\/p>\n\n\n\n<p>Mientras que en otra celda se encontraron dos celulares Samsung, de lo cual se hizo cargo otro interno. Tambi\u00e9n se encontr\u00f3 en una celda, al lado de una cama, un celular Nokia azul con negro y teclado alfanum\u00e9rico, de lo que se hizo responsable otro interno.<\/p>\n\n\n\n<p>Un uno de los ba\u00f1os del patio, los efectivos encontraron un tel\u00e9fono Samsung de pantalla t\u00e1ctil, de este dispositivo no se hizo cargo ninguno de los internos.<\/p>\n\n\n\n<p>Se solicit\u00f3 colaboraci\u00f3n de personal de Toxicolog\u00eda que realiz\u00f3 el test de campo sobre los estupefacientes, que arroj\u00f3 que la sustancia encontrada en el televisor era marihuana por un peso de 111,2 gramos en total y para la sustancia vegetal picada un resultado positivo para marihuana por un peso de 31,8 gramos en total.<\/p>\n\n\n\n<p>Lo que se encontr\u00f3 en las zapatillas ubicadas en el patio dio resultado positivo para marihuana por un peso de 10,9 gramos en total, y para la sustancia blanca un resultado positivo para coca\u00edna por un pesaje de 62,2 gramos en total.<\/p>\n\n\n\n<p>Para la sustancia color blanca encontrada en la bolsa de tela arroj\u00f3 un resultado positivo para coca\u00edna por un pesaje de 0,9 gramos en total y por \u00faltimo, la sustancia color blanco encontrada en la cama arroj\u00f3 un resultado positivo para coca\u00edna por un pesaje de 1,4 gramos en total.<\/p>\n","protected":false},"excerpt":{"rendered":"<p>El procedimiento se llevo a cabo este mi&eacute;rcoles a la ma&ntilde;ana. Personal del Servicio Penitenciario realiz&oacute; una requisa de rutina en el pabell&oacute;n N&deg;8. Se requisaron tres celdas, sectores comunes del pabell&oacute;n, el ba&ntilde;o y el patio. Por disposici&oacute;n de Fiscal&iacute;a, Toxicolog&iacute;a se secuestr&oacute; el estupefaciente y los celulares. Colabor&oacute; en el procedimiento personal de [&hellip;]<\/p>\n","protected":false},"author":2,"featured_media":5721,"comment_status":"open","ping_status":"open","sticky":false,"template":"","format":"standard","meta":{"footnotes":""},"categories":[3,8],"tags":[1665,74,1197,95,220,2472],"class_list":["post-5720","post","type-post","status-publish","format-standard","has-post-thumbnail","hentry","category-locales","category-policiales","tag-celulares","tag-cocaina","tag-marihuana","tag-parana","tag-secuestro","tag-unidad-penal-nro-1"],"_links":{"self":[{"href":"https:\/\/impactodenoticias.com.ar\/index.php?rest_route=\/wp\/v2\/posts\/5720","targetHints":{"allow":["GET"]}}],"collection":[{"href":"https:\/\/impactodenoticias.com.ar\/index.php?rest_route=\/wp\/v2\/posts"}],"about":[{"href":"https:\/\/impactodenoticias.com.ar\/index.php?rest_route=\/wp\/v2\/types\/post"}],"author":[{"embeddable":true,"href":"https:\/\/impactodenoticias.com.ar\/index.php?rest_route=\/wp\/v2\/users\/2"}],"replies":[{"embeddable":true,"href":"https:\/\/impactodenoticias.com.ar\/index.php?rest_route=%2Fwp%2Fv2%2Fcomments&post=5720"}],"version-history":[{"count":2,"href":"https:\/\/impactodenoticias.com.ar\/index.php?rest_route=\/wp\/v2\/posts\/5720\/revisions"}],"predecessor-version":[{"id":5723,"href":"https:\/\/impactodenoticias.com.ar\/index.php?rest_route=\/wp\/v2\/posts\/5720\/revisions\/5723"}],"wp:featuredmedia":[{"embeddable":true,"href":"https:\/\/impactodenoticias.com.ar\/index.php?rest_route=\/wp\/v2\/media\/5721"}],"wp:attachment":[{"href":"https:\/\/impactodenoticias.com.ar\/index.php?rest_route=%2Fwp%2Fv2%2Fmedia&parent=5720"}],"wp:term":[{"taxonomy":"category","embeddable":true,"href":"https:\/\/impactodenoticias.com.ar\/index.php?rest_route=%2Fwp%2Fv2%2Fcategories&post=5720"},{"taxonomy":"post_tag","embeddable":true,"href":"https:\/\/impactodenoticias.com.ar\/index.php?rest_route=%2Fwp%2Fv2%2Ftags&post=5720"}],"curies":[{"name":"wp","href":"https:\/\/api.w.org\/{rel}","templated":true}]}}