{"id":573,"date":"2024-06-29T09:53:44","date_gmt":"2024-06-29T12:53:44","guid":{"rendered":"https:\/\/impactodenoticias.com.ar\/?p=573"},"modified":"2024-06-29T09:53:49","modified_gmt":"2024-06-29T12:53:49","slug":"parana-una-brasa-encendida-provoco-un-principio-de-incendio-en-polleria-en-pleno-centro-de-la-ciudad","status":"publish","type":"post","link":"https:\/\/impactodenoticias.com.ar\/?p=573","title":{"rendered":"Paran\u00e1: una brasa encendida provoc\u00f3 un principio de incendio en poller\u00eda en pleno centro de la ciudad"},"content":{"rendered":"\n<p><strong>Un principio de incendio se produjo en una poller\u00eda en Paran\u00e1 este s\u00e1bado. Bomberos y polic\u00eda intervinieron en el lugar.<\/strong><\/p>\n\n\n\n<p>Un principio de incendio ocurri\u00f3 en una poller\u00eda en Paran\u00e1 a las 6.30 de este s\u00e1bado, la misma est\u00e1 ubicada en la esquina de Laprida y Santiago del Estero. Bomberos y polic\u00eda intervinieron r\u00e1pidamente en el lugar para controlar la situaci\u00f3n.<\/p>\n\n\n\n<p><\/p>\n\n\n\n<figure class=\"wp-block-image size-full\"><img loading=\"lazy\" decoding=\"async\" width=\"800\" height=\"450\" src=\"https:\/\/impactodenoticias.com.ar\/wp-content\/uploads\/2024\/06\/o_1719663219.jpg\" alt=\"\" class=\"wp-image-574\" srcset=\"https:\/\/impactodenoticias.com.ar\/wp-content\/uploads\/2024\/06\/o_1719663219.jpg 800w, https:\/\/impactodenoticias.com.ar\/wp-content\/uploads\/2024\/06\/o_1719663219-300x169.jpg 300w, https:\/\/impactodenoticias.com.ar\/wp-content\/uploads\/2024\/06\/o_1719663219-768x432.jpg 768w\" sizes=\"auto, (max-width: 800px) 100vw, 800px\" \/><\/figure>\n\n\n\n<p><\/p>\n\n\n\n<figure class=\"wp-block-image size-full\"><img loading=\"lazy\" decoding=\"async\" width=\"800\" height=\"450\" src=\"https:\/\/impactodenoticias.com.ar\/wp-content\/uploads\/2024\/06\/o_1719663218.jpg\" alt=\"\" class=\"wp-image-575\" srcset=\"https:\/\/impactodenoticias.com.ar\/wp-content\/uploads\/2024\/06\/o_1719663218.jpg 800w, https:\/\/impactodenoticias.com.ar\/wp-content\/uploads\/2024\/06\/o_1719663218-300x169.jpg 300w, https:\/\/impactodenoticias.com.ar\/wp-content\/uploads\/2024\/06\/o_1719663218-768x432.jpg 768w\" sizes=\"auto, (max-width: 800px) 100vw, 800px\" \/><\/figure>\n\n\n\n<p><\/p>\n\n\n\n<p>Una trabajadora del establecimiento manifest\u00f3 que \u00abel fuego se propag\u00f3 en el quincho del lugar\u00bb y precis\u00f3 que lo que habr\u00eda provocado el incendio fue que \u00abqued\u00f3 prendida una brasa y derriti\u00f3 el ca\u00f1o de agua\u00bb.<\/p>\n\n\n\n<p>Afortunadamente, el incendio \u00abno pas\u00f3 a mayores y se pudo apagar a tiempo\u00bb. La r\u00e1pida acci\u00f3n de los bomberos y la polic\u00eda evit\u00f3 que el fuego causara da\u00f1os mayores.<\/p>\n\n\n\n<p>La trabajadora afirm\u00f3 que no hubo p\u00e9rdidas materiales. \u00abLimpiamos y qued\u00f3 todo bien\u00bb, expres\u00f3.<\/p>\n","protected":false},"excerpt":{"rendered":"<p>Un principio de incendio se produjo en una poller&iacute;a en Paran&aacute; este s&aacute;bado. Bomberos y polic&iacute;a intervinieron en el lugar. Un principio de incendio ocurri&oacute; en una poller&iacute;a en Paran&aacute; a las 6.30 de este s&aacute;bado, la misma est&aacute; ubicada en la esquina de Laprida y Santiago del Estero. Bomberos y polic&iacute;a intervinieron r&aacute;pidamente en [&hellip;]<\/p>\n","protected":false},"author":2,"featured_media":576,"comment_status":"open","ping_status":"open","sticky":false,"template":"","format":"standard","meta":{"footnotes":""},"categories":[3,8],"tags":[227,95,232],"class_list":["post-573","post","type-post","status-publish","format-standard","has-post-thumbnail","hentry","category-locales","category-policiales","tag-incendio","tag-parana","tag-polleria"],"_links":{"self":[{"href":"https:\/\/impactodenoticias.com.ar\/index.php?rest_route=\/wp\/v2\/posts\/573","targetHints":{"allow":["GET"]}}],"collection":[{"href":"https:\/\/impactodenoticias.com.ar\/index.php?rest_route=\/wp\/v2\/posts"}],"about":[{"href":"https:\/\/impactodenoticias.com.ar\/index.php?rest_route=\/wp\/v2\/types\/post"}],"author":[{"embeddable":true,"href":"https:\/\/impactodenoticias.com.ar\/index.php?rest_route=\/wp\/v2\/users\/2"}],"replies":[{"embeddable":true,"href":"https:\/\/impactodenoticias.com.ar\/index.php?rest_route=%2Fwp%2Fv2%2Fcomments&post=573"}],"version-history":[{"count":1,"href":"https:\/\/impactodenoticias.com.ar\/index.php?rest_route=\/wp\/v2\/posts\/573\/revisions"}],"predecessor-version":[{"id":577,"href":"https:\/\/impactodenoticias.com.ar\/index.php?rest_route=\/wp\/v2\/posts\/573\/revisions\/577"}],"wp:featuredmedia":[{"embeddable":true,"href":"https:\/\/impactodenoticias.com.ar\/index.php?rest_route=\/wp\/v2\/media\/576"}],"wp:attachment":[{"href":"https:\/\/impactodenoticias.com.ar\/index.php?rest_route=%2Fwp%2Fv2%2Fmedia&parent=573"}],"wp:term":[{"taxonomy":"category","embeddable":true,"href":"https:\/\/impactodenoticias.com.ar\/index.php?rest_route=%2Fwp%2Fv2%2Fcategories&post=573"},{"taxonomy":"post_tag","embeddable":true,"href":"https:\/\/impactodenoticias.com.ar\/index.php?rest_route=%2Fwp%2Fv2%2Ftags&post=573"}],"curies":[{"name":"wp","href":"https:\/\/api.w.org\/{rel}","templated":true}]}}