{"id":581,"date":"2024-06-29T10:35:57","date_gmt":"2024-06-29T13:35:57","guid":{"rendered":"https:\/\/impactodenoticias.com.ar\/?p=581"},"modified":"2024-06-29T10:35:58","modified_gmt":"2024-06-29T13:35:58","slug":"concordia-un-persona-en-estado-de-calle-fallecio-durante-la-noche","status":"publish","type":"post","link":"https:\/\/impactodenoticias.com.ar\/?p=581","title":{"rendered":"Concordia: un persona en estado de calle falleci\u00f3 durante la noche"},"content":{"rendered":"\n<p>El lamentable hecho se conoci\u00f3 en horas de la ma\u00f1ana sobre la ciudad cuando vecinos que circulaban por Guemes y Gualeguay vieron a una persona tirada en la calle por lo que anoticiaron a la Comisar\u00eda 2da.<\/p>\n\n\n\n<p>R\u00e1pidamente se hicieron presentes los efectivos y comprobaron que lamentablemente estaba fallecido.<\/p>\n\n\n\n<p>Minutos despu\u00e9s se aperson\u00f3 al lugar la fiscal en turno, Dra. Julia Rivoira, y el m\u00e9dico de polic\u00eda, as\u00ed como efectivos de la Divisi\u00f3n Criminal\u00edstica, que entregaron un informe preliminar in voce a la funcionaria judicial, inform\u00e1ndole que la persona hab\u00eda fallecido de un paro cardiorespiratorio, las causas probables de muerte, podr\u00edan indicar hipotermia por las bajas temperaturas de la noche ya que el fallecido era una persona que viv\u00eda en la indigencia y dorm\u00eda en la calle.<\/p>\n\n\n\n<p>Seg\u00fan inform\u00f3 la Polic\u00eda, la v\u00edctima fatal fue identificada como Jos\u00e9 Daniel Medina. Se trata de ubicar a parientes del occiso a los efectos de hacerle entrega del cuerpo para su cristiana sepultura.<\/p>\n","protected":false},"excerpt":{"rendered":"<p>El lamentable hecho se conoci&oacute; en horas de la ma&ntilde;ana sobre la ciudad cuando vecinos que circulaban por Guemes y Gualeguay vieron a una persona tirada en la calle por lo que anoticiaron a la Comisar&iacute;a 2da. R&aacute;pidamente se hicieron presentes los efectivos y comprobaron que lamentablemente estaba fallecido. Minutos despu&eacute;s se aperson&oacute; al lugar [&hellip;]<\/p>\n","protected":false},"author":2,"featured_media":582,"comment_status":"open","ping_status":"open","sticky":false,"template":"","format":"standard","meta":{"footnotes":""},"categories":[8,4],"tags":[236,72,238,237,118],"class_list":["post-581","post","type-post","status-publish","format-standard","has-post-thumbnail","hentry","category-policiales","category-provinciales","tag-calle","tag-concordia","tag-indigente","tag-murio","tag-policiales"],"_links":{"self":[{"href":"https:\/\/impactodenoticias.com.ar\/index.php?rest_route=\/wp\/v2\/posts\/581","targetHints":{"allow":["GET"]}}],"collection":[{"href":"https:\/\/impactodenoticias.com.ar\/index.php?rest_route=\/wp\/v2\/posts"}],"about":[{"href":"https:\/\/impactodenoticias.com.ar\/index.php?rest_route=\/wp\/v2\/types\/post"}],"author":[{"embeddable":true,"href":"https:\/\/impactodenoticias.com.ar\/index.php?rest_route=\/wp\/v2\/users\/2"}],"replies":[{"embeddable":true,"href":"https:\/\/impactodenoticias.com.ar\/index.php?rest_route=%2Fwp%2Fv2%2Fcomments&post=581"}],"version-history":[{"count":1,"href":"https:\/\/impactodenoticias.com.ar\/index.php?rest_route=\/wp\/v2\/posts\/581\/revisions"}],"predecessor-version":[{"id":583,"href":"https:\/\/impactodenoticias.com.ar\/index.php?rest_route=\/wp\/v2\/posts\/581\/revisions\/583"}],"wp:featuredmedia":[{"embeddable":true,"href":"https:\/\/impactodenoticias.com.ar\/index.php?rest_route=\/wp\/v2\/media\/582"}],"wp:attachment":[{"href":"https:\/\/impactodenoticias.com.ar\/index.php?rest_route=%2Fwp%2Fv2%2Fmedia&parent=581"}],"wp:term":[{"taxonomy":"category","embeddable":true,"href":"https:\/\/impactodenoticias.com.ar\/index.php?rest_route=%2Fwp%2Fv2%2Fcategories&post=581"},{"taxonomy":"post_tag","embeddable":true,"href":"https:\/\/impactodenoticias.com.ar\/index.php?rest_route=%2Fwp%2Fv2%2Ftags&post=581"}],"curies":[{"name":"wp","href":"https:\/\/api.w.org\/{rel}","templated":true}]}}