{"id":587,"date":"2024-06-29T11:04:43","date_gmt":"2024-06-29T14:04:43","guid":{"rendered":"https:\/\/impactodenoticias.com.ar\/?p=587"},"modified":"2024-06-29T11:04:43","modified_gmt":"2024-06-29T14:04:43","slug":"concordia-trato-de-robar-un-vehiculo-lo-persiguieron-y-termino-arrestado-en-zona-de-la-costanera","status":"publish","type":"post","link":"https:\/\/impactodenoticias.com.ar\/?p=587","title":{"rendered":"Concordia: trat\u00f3 de robar un veh\u00edculo, lo persiguieron y termin\u00f3 arrestado en zona de la Costanera"},"content":{"rendered":"\n<p><strong>El hecho sucedi\u00f3 durante este viernes, en Concordia. El delincuente aprovech\u00f3 que el conductor del utilitario hab\u00eda dejado en marcha el veh\u00edculo y quiso rob\u00e1rselo. Finalmente, abandon\u00f3 el rodado y termin\u00f3 tras las rejas.<\/strong><\/p>\n\n\n\n<p>La secuencia se produjo minutos antes de las 13:20 de este viernes, en calles Mitre y P. Del castillo. En ese lugar un chofer de la firma Andreani descendi\u00f3 de su veh\u00edculo &#8211; marca Peugeot, modelo Partner &#8211; e ingres\u00f3 a un domicilio, dejando el rodado en marcha.<\/p>\n\n\n\n<p><\/p>\n\n\n\n<figure class=\"wp-block-image size-full\"><img loading=\"lazy\" decoding=\"async\" width=\"768\" height=\"512\" src=\"https:\/\/impactodenoticias.com.ar\/wp-content\/uploads\/2024\/06\/r_1719626460.jpg\" alt=\"\" class=\"wp-image-588\" srcset=\"https:\/\/impactodenoticias.com.ar\/wp-content\/uploads\/2024\/06\/r_1719626460.jpg 768w, https:\/\/impactodenoticias.com.ar\/wp-content\/uploads\/2024\/06\/r_1719626460-300x200.jpg 300w\" sizes=\"auto, (max-width: 768px) 100vw, 768px\" \/><\/figure>\n\n\n\n<p><\/p>\n\n\n\n<p>Al salir, not\u00f3 que un malviviente aprovech\u00f3 la situaci\u00f3n y huy\u00f3 con el veh\u00edculo, por lo que -junto al cliente- comenz\u00f3 a seguirlo por diferentes calles del centro de Concordia.<\/p>\n\n\n\n<p>Afortunadamente pudo dar con el ladr\u00f3n en inmediaciones de Lamadrid y 3 de Febrero. En esa zona, el dej\u00f3 dej\u00f3 el utilitario abandonado y escap\u00f3, hasta llegar a la intersecci\u00f3n de 1\u00b0 de Mayo y Av. Costanera; donde finalmente fue interceptado por un m\u00f3vil policial del Comando Radioel\u00e9ctrico, y finalmente qued\u00f3 detenido.<\/p>\n\n\n\n<p>El damnificado realiz\u00f3 la denuncia en la secci\u00f3n Judiciales. La fiscal Rivoira, finalmente, dispuso la aprehensi\u00f3n del ladr\u00f3n de 29 a\u00f1os.<\/p>\n","protected":false},"excerpt":{"rendered":"<p>El hecho sucedi&oacute; durante este viernes, en Concordia. El delincuente aprovech&oacute; que el conductor del utilitario hab&iacute;a dejado en marcha el veh&iacute;culo y quiso rob&aacute;rselo. Finalmente, abandon&oacute; el rodado y termin&oacute; tras las rejas. La secuencia se produjo minutos antes de las 13:20 de este viernes, en calles Mitre y P. Del castillo. En ese [&hellip;]<\/p>\n","protected":false},"author":2,"featured_media":589,"comment_status":"open","ping_status":"open","sticky":false,"template":"","format":"standard","meta":{"footnotes":""},"categories":[8,4],"tags":[72],"class_list":["post-587","post","type-post","status-publish","format-standard","has-post-thumbnail","hentry","category-policiales","category-provinciales","tag-concordia"],"_links":{"self":[{"href":"https:\/\/impactodenoticias.com.ar\/index.php?rest_route=\/wp\/v2\/posts\/587","targetHints":{"allow":["GET"]}}],"collection":[{"href":"https:\/\/impactodenoticias.com.ar\/index.php?rest_route=\/wp\/v2\/posts"}],"about":[{"href":"https:\/\/impactodenoticias.com.ar\/index.php?rest_route=\/wp\/v2\/types\/post"}],"author":[{"embeddable":true,"href":"https:\/\/impactodenoticias.com.ar\/index.php?rest_route=\/wp\/v2\/users\/2"}],"replies":[{"embeddable":true,"href":"https:\/\/impactodenoticias.com.ar\/index.php?rest_route=%2Fwp%2Fv2%2Fcomments&post=587"}],"version-history":[{"count":1,"href":"https:\/\/impactodenoticias.com.ar\/index.php?rest_route=\/wp\/v2\/posts\/587\/revisions"}],"predecessor-version":[{"id":590,"href":"https:\/\/impactodenoticias.com.ar\/index.php?rest_route=\/wp\/v2\/posts\/587\/revisions\/590"}],"wp:featuredmedia":[{"embeddable":true,"href":"https:\/\/impactodenoticias.com.ar\/index.php?rest_route=\/wp\/v2\/media\/589"}],"wp:attachment":[{"href":"https:\/\/impactodenoticias.com.ar\/index.php?rest_route=%2Fwp%2Fv2%2Fmedia&parent=587"}],"wp:term":[{"taxonomy":"category","embeddable":true,"href":"https:\/\/impactodenoticias.com.ar\/index.php?rest_route=%2Fwp%2Fv2%2Fcategories&post=587"},{"taxonomy":"post_tag","embeddable":true,"href":"https:\/\/impactodenoticias.com.ar\/index.php?rest_route=%2Fwp%2Fv2%2Ftags&post=587"}],"curies":[{"name":"wp","href":"https:\/\/api.w.org\/{rel}","templated":true}]}}