{"id":591,"date":"2024-06-29T11:12:50","date_gmt":"2024-06-29T14:12:50","guid":{"rendered":"https:\/\/impactodenoticias.com.ar\/?p=591"},"modified":"2024-06-29T11:12:51","modified_gmt":"2024-06-29T14:12:51","slug":"azcue-no-cesa-en-su-intento-de-apoderarse-de-la-radio-publica-en-concordia","status":"publish","type":"post","link":"https:\/\/impactodenoticias.com.ar\/?p=591","title":{"rendered":"Azcu\u00e9 no cesa en su intento de apoderarse de la Radio P\u00fablica en Concordia"},"content":{"rendered":"\n<p><strong>El intendente convoc\u00f3 a una Sesi\u00f3n Extraordinaria del Concejo Deliberante para el pr\u00f3ximo martes por la ma\u00f1ana. Busca retomar el debate de la iniciativa del oficialismo que pretende cambiar la estructura que regula el funcionamiento de la Radio P\u00fablica de Concordia.<\/strong><\/p>\n\n\n\n<p>El intendente Francisco Azcu\u00e9, convoc\u00f3 al Concejo Deliberante a una Sesi\u00f3n Extraordinaria que se desarrollar\u00e1 el pr\u00f3ximo martes a las 9. En la ocasi\u00f3n tratar\u00e1 de retomar el debate sobre el proyecto de Ordenanza creaci\u00f3n \u00abComisi\u00f3n de Administraci\u00f3n de la Radio P\u00fablica\u00bb, que fue presentado por el oficialismo, que tuvo una acalorada discusi\u00f3n en la \u00faltima Sesi\u00f3n.<\/p>\n\n\n\n<p><strong>La s\u00edntesis del proyecto<\/strong><\/p>\n\n\n\n<p>La iniciativa propone modificar la Ordenanza N\u00ba 35.454 con la que oportunamente que se cre\u00f3 el Ente de Gesti\u00f3n de la Radio P\u00fablica de Concordia; para regir el administrar la \u201cRadio Ciudadana\u201d, emisora de Frecuencia Modulada.<\/p>\n\n\n\n<p>El n\u00famero de expediente de este proyecto es el N\u00ba 28.128.<\/p>\n\n\n\n<p>El proyecto comienza considerando que \u201ces menester adaptar la Radio P\u00fablica a las actuales necesidades y condiciones, en un marco de austeridad y optimizaci\u00f3n de los recursos\u201d y que el actual Ente \u201cha concluido un ciclo, prueba de ello es que la misma ha quedado virtualmente diezmada en su Funcionamiento\u201d, considera Rey en su proyecto.<\/p>\n\n\n\n<p>A pesar que ser hoy una de las emisoras de mayor audiencia, el concejal afirma en su proyecto que la radio \u201cno est\u00e1 siendo usada adecuadamente como medio informativo, y a favor de la difusi\u00f3n de las expresiones culturales y art\u00edsticas locales, de la pr\u00e1ctica deportiva o la promoci\u00f3n de zonas y atractivos tur\u00edsticos, entre otros aspectos\u201d.<\/p>\n\n\n\n<p>Sobre los articulados, se trata de 29 puntos que aborda desde la creaci\u00f3n de la C.A.R.P. (COMISI\u00d3N de ADMINISTRACI\u00d3N de la RADIO PUBLICA de Concordia) hasta cuestiones sobre la programaci\u00f3n, \u201ccreando espacios para la libre expresi\u00f3n de los ciudadanos, en un sentido plural y Democr\u00e1tico\u201d, insinuando que actualmente no los habr\u00eda.<\/p>\n\n\n\n<p>Adem\u00e1s hay varios cap\u00edtulos destinados a \u201cla tercerizaci\u00f3n de programas\u201d, desliz\u00e1ndose que \u201ca convocatoria mencionada anteriormente podr\u00e1 ser orientada, conforme la l\u00ednea editorial del Director de la Radio, respecto del tipo de programas y g\u00e9neros que se desea incluir en la programaci\u00f3n\u201d.<\/p>\n\n\n\n<p>Uno de los art\u00edculos m\u00e1s llamativos es el que establece que la estructura de la emisora se reducir\u00e1 solo a \u201cun Operario T\u00e9cnico, un Periodista, un Locutor y un fot\u00f3grafo \/ Community manager\u201d, por lo que se desprende desafectar\u00eda a la mayor\u00eda de los actuales trabajadores.<\/p>\n","protected":false},"excerpt":{"rendered":"<p>El intendente convoc&oacute; a una Sesi&oacute;n Extraordinaria del Concejo Deliberante para el pr&oacute;ximo martes por la ma&ntilde;ana. Busca retomar el debate de la iniciativa del oficialismo que pretende cambiar la estructura que regula el funcionamiento de la Radio P&uacute;blica de Concordia. El intendente Francisco Azcu&eacute;, convoc&oacute; al Concejo Deliberante a una Sesi&oacute;n Extraordinaria que se [&hellip;]<\/p>\n","protected":false},"author":2,"featured_media":592,"comment_status":"open","ping_status":"open","sticky":false,"template":"","format":"standard","meta":{"footnotes":""},"categories":[11,4],"tags":[243,72,40,242],"class_list":["post-591","post","type-post","status-publish","format-standard","has-post-thumbnail","hentry","category-politica","category-provinciales","tag-concejo-deliberante","tag-concordia","tag-francisco-azcue","tag-radio-publica"],"_links":{"self":[{"href":"https:\/\/impactodenoticias.com.ar\/index.php?rest_route=\/wp\/v2\/posts\/591","targetHints":{"allow":["GET"]}}],"collection":[{"href":"https:\/\/impactodenoticias.com.ar\/index.php?rest_route=\/wp\/v2\/posts"}],"about":[{"href":"https:\/\/impactodenoticias.com.ar\/index.php?rest_route=\/wp\/v2\/types\/post"}],"author":[{"embeddable":true,"href":"https:\/\/impactodenoticias.com.ar\/index.php?rest_route=\/wp\/v2\/users\/2"}],"replies":[{"embeddable":true,"href":"https:\/\/impactodenoticias.com.ar\/index.php?rest_route=%2Fwp%2Fv2%2Fcomments&post=591"}],"version-history":[{"count":1,"href":"https:\/\/impactodenoticias.com.ar\/index.php?rest_route=\/wp\/v2\/posts\/591\/revisions"}],"predecessor-version":[{"id":593,"href":"https:\/\/impactodenoticias.com.ar\/index.php?rest_route=\/wp\/v2\/posts\/591\/revisions\/593"}],"wp:featuredmedia":[{"embeddable":true,"href":"https:\/\/impactodenoticias.com.ar\/index.php?rest_route=\/wp\/v2\/media\/592"}],"wp:attachment":[{"href":"https:\/\/impactodenoticias.com.ar\/index.php?rest_route=%2Fwp%2Fv2%2Fmedia&parent=591"}],"wp:term":[{"taxonomy":"category","embeddable":true,"href":"https:\/\/impactodenoticias.com.ar\/index.php?rest_route=%2Fwp%2Fv2%2Fcategories&post=591"},{"taxonomy":"post_tag","embeddable":true,"href":"https:\/\/impactodenoticias.com.ar\/index.php?rest_route=%2Fwp%2Fv2%2Ftags&post=591"}],"curies":[{"name":"wp","href":"https:\/\/api.w.org\/{rel}","templated":true}]}}