{"id":5964,"date":"2024-10-22T09:27:18","date_gmt":"2024-10-22T12:27:18","guid":{"rendered":"https:\/\/impactodenoticias.com.ar\/?p=5964"},"modified":"2024-10-22T09:27:18","modified_gmt":"2024-10-22T12:27:18","slug":"clima-en-entre-rios-rige-alerta-amarillo-por-tormentas-para-el-miercoles","status":"publish","type":"post","link":"https:\/\/impactodenoticias.com.ar\/?p=5964","title":{"rendered":"Clima en Entre R\u00edos: rige alerta amarillo por tormentas para el mi\u00e9rcoles"},"content":{"rendered":"\n<h3 class=\"wp-block-heading\">Este martes seguir\u00e1 con temperaturas muy altas. Por la tarde se desestabiliza el clima, se aguarda la llegada de tormentas para el mi\u00e9rcoles.<\/h3>\n\n\n\n<p>El Servicio Meteorol\u00f3gico Nacional -SMN- informa que este martes se presentar\u00e1 muy caluroso en Entre R\u00edos y, hacia la tarde noche, comenzar\u00e1 a desmejorar el clima en la provincia. Para hoy se esperan m\u00e1ximas de hasta 34 grados.<\/p>\n\n\n\n<p>Desde la tarde noche de esta jornada aumenta la probabilidad de lluvias en distintos puntos de la provincia. No obstante, el sistema frontal que llega a Entre R\u00edos se sentir\u00e1 con toda su fuerza este mi\u00e9rcoles 23 de octubre.<\/p>\n\n\n\n<p>Para ma\u00f1ana aumentan las probabilidades de precipitaciones. Se anuncia un alerta amarillo en toda la provincia. El jueves de madrugada y de ma\u00f1ana continuar\u00edan las tormentas. Con el correr de las horas las lluvias se ir\u00e1n debilitando.<\/p>\n\n\n\n<p><strong>Alerta por tormentas para este mi\u00e9rcoles<\/strong><\/p>\n\n\n\n<p>El SMN emiti\u00f3 un alerta para los 17 departamentos de Entre R\u00edos. Si bien las tormentas m\u00e1s fuertes se pronostican hacia la noche, no se descarta que en algunas zonas lleguen con fuerza en horas de la tarde.<\/p>\n\n\n\n<p>El \u00e1rea ser\u00e1 afectada por tormentas de variada intensidad, algunas localmente fuertes. Se espera que las mismas est\u00e9n acompa\u00f1adas por intensa actividad el\u00e9ctrica, ocasional ca\u00edda de granizo, fuertes r\u00e1fagas y principalmente abundante ca\u00edda de agua en cortos per\u00edodos.<\/p>\n\n\n\n<p>Se estiman valores de precipitaci\u00f3n acumulada entre 20 y 65 mil\u00edmetros, pudiendo ser superados en forma local.<\/p>\n\n\n\n<p><\/p>\n\n\n\n<figure class=\"wp-block-image size-full\"><img loading=\"lazy\" decoding=\"async\" width=\"472\" height=\"800\" src=\"https:\/\/impactodenoticias.com.ar\/wp-content\/uploads\/2024\/10\/mapa_alertas-4.png\" alt=\"\" class=\"wp-image-5965\" srcset=\"https:\/\/impactodenoticias.com.ar\/wp-content\/uploads\/2024\/10\/mapa_alertas-4.png 472w, https:\/\/impactodenoticias.com.ar\/wp-content\/uploads\/2024\/10\/mapa_alertas-4-177x300.png 177w\" sizes=\"auto, (max-width: 472px) 100vw, 472px\" \/><\/figure>\n","protected":false},"excerpt":{"rendered":"<p>Este martes seguir&aacute; con temperaturas muy altas. Por la tarde se desestabiliza el clima, se aguarda la llegada de tormentas para el mi&eacute;rcoles. El Servicio Meteorol&oacute;gico Nacional -SMN- informa que este martes se presentar&aacute; muy caluroso en Entre R&iacute;os y, hacia la tarde noche, comenzar&aacute; a desmejorar el clima en la provincia. Para hoy se [&hellip;]<\/p>\n","protected":false},"author":2,"featured_media":5966,"comment_status":"open","ping_status":"open","sticky":false,"template":"","format":"standard","meta":{"footnotes":""},"categories":[4,49],"tags":[38,33],"class_list":["post-5964","post","type-post","status-publish","format-standard","has-post-thumbnail","hentry","category-provinciales","category-sociedad","tag-clima","tag-entre-rios"],"_links":{"self":[{"href":"https:\/\/impactodenoticias.com.ar\/index.php?rest_route=\/wp\/v2\/posts\/5964","targetHints":{"allow":["GET"]}}],"collection":[{"href":"https:\/\/impactodenoticias.com.ar\/index.php?rest_route=\/wp\/v2\/posts"}],"about":[{"href":"https:\/\/impactodenoticias.com.ar\/index.php?rest_route=\/wp\/v2\/types\/post"}],"author":[{"embeddable":true,"href":"https:\/\/impactodenoticias.com.ar\/index.php?rest_route=\/wp\/v2\/users\/2"}],"replies":[{"embeddable":true,"href":"https:\/\/impactodenoticias.com.ar\/index.php?rest_route=%2Fwp%2Fv2%2Fcomments&post=5964"}],"version-history":[{"count":1,"href":"https:\/\/impactodenoticias.com.ar\/index.php?rest_route=\/wp\/v2\/posts\/5964\/revisions"}],"predecessor-version":[{"id":5967,"href":"https:\/\/impactodenoticias.com.ar\/index.php?rest_route=\/wp\/v2\/posts\/5964\/revisions\/5967"}],"wp:featuredmedia":[{"embeddable":true,"href":"https:\/\/impactodenoticias.com.ar\/index.php?rest_route=\/wp\/v2\/media\/5966"}],"wp:attachment":[{"href":"https:\/\/impactodenoticias.com.ar\/index.php?rest_route=%2Fwp%2Fv2%2Fmedia&parent=5964"}],"wp:term":[{"taxonomy":"category","embeddable":true,"href":"https:\/\/impactodenoticias.com.ar\/index.php?rest_route=%2Fwp%2Fv2%2Fcategories&post=5964"},{"taxonomy":"post_tag","embeddable":true,"href":"https:\/\/impactodenoticias.com.ar\/index.php?rest_route=%2Fwp%2Fv2%2Ftags&post=5964"}],"curies":[{"name":"wp","href":"https:\/\/api.w.org\/{rel}","templated":true}]}}