{"id":5968,"date":"2024-10-22T09:31:04","date_gmt":"2024-10-22T12:31:04","guid":{"rendered":"https:\/\/impactodenoticias.com.ar\/?p=5968"},"modified":"2024-10-23T11:15:17","modified_gmt":"2024-10-23T14:15:17","slug":"declaran-la-emergencia-ambiental-e-hidrica-en-victoria","status":"publish","type":"post","link":"https:\/\/impactodenoticias.com.ar\/?p=5968","title":{"rendered":"Declaran la emergencia ambiental e h\u00eddrica en Victoria"},"content":{"rendered":"\n<h3 class=\"wp-block-heading\">A trav\u00e9s del Decreto N\u00ba 3.008, el Poder Ejecutivo provincial declar\u00f3 a Victoria en estado de emergencia ambiental e h\u00eddrica. Se autorizan contrataciones directas para responder a las necesidades derivadas de la bajante del r\u00edo Paran\u00e1 y la alteraci\u00f3n de los cuerpos de agua. Asimismo, se crea un Comit\u00e9 de Emergencia para planificar y coordinar medidas de mitigaci\u00f3n ante la crisis en la comunidad de Victoria.<\/h3>\n\n\n\n<p>La medida, publicada este lunes, tiene como objetivo \u00abrealizar las obras necesarias, celebrar contrataciones e implementar acciones conducentes a atender las necesidades derivadas de dicha emergencia\u00bb, seg\u00fan se especifica en el art\u00edculo 1\u00ba del decreto.<\/p>\n\n\n\n<p>La decisi\u00f3n se tom\u00f3 en respuesta a la crisis de abastecimiento del vital recurso para el suministro de la poblaci\u00f3n de Victoria. Adem\u00e1s, seg\u00fan se desprende del informe elaborado por la Direcci\u00f3n de Hidr\u00e1ulica y Obras Sanitarias provincial, en las bocas de ingreso de agua del Paran\u00e1 hacia gran parte del valle fluvial entre las ciudades de Victoria y Rosario se detectan \u00abgrandes acumulaciones de sedimento\u00bb.<\/p>\n\n\n\n<p>Estas obstrucciones impiden la realizaci\u00f3n de actividades normales \u00abproduciendo graves afectaciones a la fauna ict\u00edcola (y, por lo tanto, a pescadores, distribuidores y plantas procesadoras), incendios recurrentes por el cegamiento de canales, imposibilidad de traslados por navegaci\u00f3n por razones escolares, sanitarias y de seguridad, as\u00ed como perjuicios a la cr\u00eda ganadera\u00bb, se detalla en los considerandos.<\/p>\n\n\n\n<p><strong>La poblaci\u00f3n y su econom\u00eda en peligro<\/strong><\/p>\n\n\n\n<p>Esta situaci\u00f3n compromete \u00abseriamente el acceso al agua potable para consumo de la poblaci\u00f3n\u00bb, y afecta tambi\u00e9n las actividades productivas y econ\u00f3micas locales. En este sentido, el art\u00edculo 2\u00ba del decreto faculta a los ministros de Planeamiento, Infraestructura y Servicios y de Desarrollo Humano a tramitar los procedimientos de contrataciones directas, por excepci\u00f3n, para atender las necesidades derivadas de la emergencia \u00abdurante el periodo establecido y conforme a los requerimientos que realice el Comit\u00e9 de Emergencia Ambiental e H\u00eddrica\u00bb.<\/p>\n\n\n\n<p>En el apartado 4\u00ba se crea el Comit\u00e9 de Emergencia Ambiental e H\u00eddrica, cuya misi\u00f3n ser\u00e1 \u00abla gesti\u00f3n, planificaci\u00f3n y coordinaci\u00f3n de las medidas necesarias para mitigar la crisis\u00bb.<\/p>\n\n\n\n<p>Finalmente, en el art\u00edculo 5\u00ba se establece que dicho comit\u00e9 estar\u00e1 integrado por representantes de la Direcci\u00f3n de Hidr\u00e1ulica y Obras Sanitarias, la Secretar\u00eda de Ambiente, la Direcci\u00f3n Provincial de Vialidad y la Secretar\u00eda de Agricultura, Ganader\u00eda y Pesca. Asimismo, se invita a sumarse a la Municipalidad de Victoria.<\/p>\n","protected":false},"excerpt":{"rendered":"<p>A trav&eacute;s del Decreto N&ordm; 3.008, el Poder Ejecutivo provincial declar&oacute; a Victoria en estado de emergencia ambiental e h&iacute;drica. Se autorizan contrataciones directas para responder a las necesidades derivadas de la bajante del r&iacute;o Paran&aacute; y la alteraci&oacute;n de los cuerpos de agua. Asimismo, se crea un Comit&eacute; de Emergencia para planificar y coordinar [&hellip;]<\/p>\n","protected":false},"author":2,"featured_media":5994,"comment_status":"open","ping_status":"open","sticky":false,"template":"","format":"standard","meta":{"footnotes":""},"categories":[11,4],"tags":[2574,2362,433,2573,568],"class_list":["post-5968","post","type-post","status-publish","format-standard","has-post-thumbnail","hentry","category-politica","category-provinciales","tag-ambiental","tag-emergencia","tag-gobierno","tag-hidrica","tag-victoria"],"_links":{"self":[{"href":"https:\/\/impactodenoticias.com.ar\/index.php?rest_route=\/wp\/v2\/posts\/5968","targetHints":{"allow":["GET"]}}],"collection":[{"href":"https:\/\/impactodenoticias.com.ar\/index.php?rest_route=\/wp\/v2\/posts"}],"about":[{"href":"https:\/\/impactodenoticias.com.ar\/index.php?rest_route=\/wp\/v2\/types\/post"}],"author":[{"embeddable":true,"href":"https:\/\/impactodenoticias.com.ar\/index.php?rest_route=\/wp\/v2\/users\/2"}],"replies":[{"embeddable":true,"href":"https:\/\/impactodenoticias.com.ar\/index.php?rest_route=%2Fwp%2Fv2%2Fcomments&post=5968"}],"version-history":[{"count":1,"href":"https:\/\/impactodenoticias.com.ar\/index.php?rest_route=\/wp\/v2\/posts\/5968\/revisions"}],"predecessor-version":[{"id":5969,"href":"https:\/\/impactodenoticias.com.ar\/index.php?rest_route=\/wp\/v2\/posts\/5968\/revisions\/5969"}],"wp:featuredmedia":[{"embeddable":true,"href":"https:\/\/impactodenoticias.com.ar\/index.php?rest_route=\/wp\/v2\/media\/5994"}],"wp:attachment":[{"href":"https:\/\/impactodenoticias.com.ar\/index.php?rest_route=%2Fwp%2Fv2%2Fmedia&parent=5968"}],"wp:term":[{"taxonomy":"category","embeddable":true,"href":"https:\/\/impactodenoticias.com.ar\/index.php?rest_route=%2Fwp%2Fv2%2Fcategories&post=5968"},{"taxonomy":"post_tag","embeddable":true,"href":"https:\/\/impactodenoticias.com.ar\/index.php?rest_route=%2Fwp%2Fv2%2Ftags&post=5968"}],"curies":[{"name":"wp","href":"https:\/\/api.w.org\/{rel}","templated":true}]}}