{"id":5984,"date":"2024-10-22T10:24:44","date_gmt":"2024-10-22T13:24:44","guid":{"rendered":"https:\/\/impactodenoticias.com.ar\/?p=5984"},"modified":"2024-10-23T11:14:42","modified_gmt":"2024-10-23T14:14:42","slug":"frigerio-mantuvo-una-reunion-con-los-intendentes-del-area-metropolitana-de-parana-donde-se-abordo-el-boleto-estudiantil","status":"publish","type":"post","link":"https:\/\/impactodenoticias.com.ar\/?p=5984","title":{"rendered":"Frigerio mantuvo una reuni\u00f3n con los intendentes del \u00e1rea metropolitana de Paran\u00e1 donde se abord\u00f3 el boleto estudiantil"},"content":{"rendered":"\n<h3 class=\"wp-block-heading\">El gobernador Rogelio Frigerio se reuni\u00f3 con los intendentes de Oro Verde, San Benito, Colonia Avellaneda y Sauce Montrull, con quienes acord\u00f3 la continuidad de la gratuidad del boleto estudiantil, beneficio otorgado por la provincia para el \u00e1rea metropolitana, hasta que se incluya el subsidio en el Sistema \u00danico de Boleto Electr\u00f3nico (SUBE).<\/h3>\n\n\n\n<p>En el Centro Provincial de Convenciones de Paran\u00e1, tuvo lugar este lunes la reuni\u00f3n en la que el mandatario, junto al ministro de Planeamiento, Infraestructura y Servicios, Dar\u00edo Schneider; y los secretarios de Transporte, Juan Elsesser, y de Gobiernos Locales, Miguel Heft, dialog\u00f3 con los intendentes C\u00e9sar Clement (Oro Verde), Ariel Voeffray (San Benito), Ariel Weiss (Colonia Avellaneda) y Mar\u00eda Soledad Daneri (Sauce Montrull) sobre el funcionamiento del transporte metropolitano.<\/p>\n\n\n\n<p>Tras el encuentro, el ministro Schneider se\u00f1al\u00f3 que \u00abacordaron y ajustaron el funcionamiento del transporte dentro de las localidades de Colonia Avellaneda, San Benito, Oro Verde y Sauce Montrull hacia la ciudad de Paran\u00e1 y viceversa\u00bb, destacando \u00abla colaboraci\u00f3n de los intendentes de localidades metropolitanas de Paran\u00e1\u00bb.<\/p>\n\n\n\n<p>Schneider precis\u00f3 que tambi\u00e9n est\u00e1n trabajando en una \u00absoluci\u00f3n integral\u00bb que incluye el sistema del transporte ferroviario. \u00abActualmente tenemos un solo servicio y la idea es sumar otro a Oro Verde y, a partir de ah\u00ed, ver c\u00f3mo reorganizamos el transporte p\u00fablico del \u00e1rea Metropolitana\u00bb, expres\u00f3.<\/p>\n\n\n\n<p>Por su parte, Elsesser inform\u00f3 que la intenci\u00f3n de la gesti\u00f3n es que el transporte de pasajeros del \u00e1rea Metropolitana \u00abno tenga interrupciones, porque es un servicio b\u00e1sico para la gente y en ese sentido estamos trabajando\u00bb. Adem\u00e1s, indic\u00f3 que \u00abalg\u00fan inconveniente con el boleto estudiantil surgido el fin de semana ya se solucion\u00f3\u00bb.<\/p>\n\n\n\n<p>\u00abEstamos ahora subiendo toda la informaci\u00f3n al SUBE (Sistema \u00danico de Boleto Electr\u00f3nico) de Naci\u00f3n para que impacte a la brevedad y todos los estudiantes de Paran\u00e1 y el \u00e1rea Metropolitana puedan tenerlo en su tarjeta\u00bb, asegur\u00f3 el funcionario.<\/p>\n\n\n\n<p><\/p>\n\n\n\n<figure class=\"wp-block-embed is-type-video is-provider-youtube wp-block-embed-youtube wp-embed-aspect-16-9 wp-has-aspect-ratio\"><div class=\"wp-block-embed__wrapper\">\n<iframe loading=\"lazy\" title=\"Frigerio se reuni\u00f3 con los intendentes del \u00e1rea metropolitana de Paran\u00e1 por el boleto estudiantil\" width=\"640\" height=\"360\" src=\"https:\/\/www.youtube.com\/embed\/cYvzdh0pAnE?feature=oembed\" frameborder=\"0\" allow=\"accelerometer; autoplay; clipboard-write; encrypted-media; gyroscope; picture-in-picture; web-share\" referrerpolicy=\"strict-origin-when-cross-origin\" allowfullscreen><\/iframe>\n<\/div><\/figure>\n\n\n\n<p><\/p>\n\n\n\n<p><strong>Subsidio<\/strong><\/p>\n\n\n\n<p>Se espera que el subsidio impacte en la tarjeta SUBE a partir del mi\u00e9rcoles o jueves de esta semana. A partir de entonces, con los descuentos efectivizados, los estudiantes abonar\u00e1n los montos seg\u00fan se detalla a continuaci\u00f3n:<\/p>\n\n\n\n<ul class=\"wp-block-list\">\n<li>Nivel Primario: 10 por ciento de la tarifa plana, es decir, 120 pesos.<\/li>\n\n\n\n<li>Nivel Secundario: 25 por ciento de la tarifa plana, es decir, 300 pesos.<\/li>\n\n\n\n<li>Nivel Terciario\/Universitario: 30 por ciento de la tarifa plana, es decir, 360 pesos.<\/li>\n<\/ul>\n","protected":false},"excerpt":{"rendered":"<p>El gobernador Rogelio Frigerio se reuni&oacute; con los intendentes de Oro Verde, San Benito, Colonia Avellaneda y Sauce Montrull, con quienes acord&oacute; la continuidad de la gratuidad del boleto estudiantil, beneficio otorgado por la provincia para el &aacute;rea metropolitana, hasta que se incluya el subsidio en el Sistema &Uacute;nico de Boleto Electr&oacute;nico (SUBE). En el [&hellip;]<\/p>\n","protected":false},"author":2,"featured_media":5985,"comment_status":"open","ping_status":"open","sticky":false,"template":"","format":"standard","meta":{"footnotes":""},"categories":[11,4],"tags":[1320,1357,1046,812,310,39],"class_list":["post-5984","post","type-post","status-publish","format-standard","has-post-thumbnail","hentry","category-politica","category-provinciales","tag-area-metropolitana","tag-boleto","tag-estudiantil","tag-intendentes","tag-reunion","tag-rogelio-frigerio"],"_links":{"self":[{"href":"https:\/\/impactodenoticias.com.ar\/index.php?rest_route=\/wp\/v2\/posts\/5984","targetHints":{"allow":["GET"]}}],"collection":[{"href":"https:\/\/impactodenoticias.com.ar\/index.php?rest_route=\/wp\/v2\/posts"}],"about":[{"href":"https:\/\/impactodenoticias.com.ar\/index.php?rest_route=\/wp\/v2\/types\/post"}],"author":[{"embeddable":true,"href":"https:\/\/impactodenoticias.com.ar\/index.php?rest_route=\/wp\/v2\/users\/2"}],"replies":[{"embeddable":true,"href":"https:\/\/impactodenoticias.com.ar\/index.php?rest_route=%2Fwp%2Fv2%2Fcomments&post=5984"}],"version-history":[{"count":2,"href":"https:\/\/impactodenoticias.com.ar\/index.php?rest_route=\/wp\/v2\/posts\/5984\/revisions"}],"predecessor-version":[{"id":5987,"href":"https:\/\/impactodenoticias.com.ar\/index.php?rest_route=\/wp\/v2\/posts\/5984\/revisions\/5987"}],"wp:featuredmedia":[{"embeddable":true,"href":"https:\/\/impactodenoticias.com.ar\/index.php?rest_route=\/wp\/v2\/media\/5985"}],"wp:attachment":[{"href":"https:\/\/impactodenoticias.com.ar\/index.php?rest_route=%2Fwp%2Fv2%2Fmedia&parent=5984"}],"wp:term":[{"taxonomy":"category","embeddable":true,"href":"https:\/\/impactodenoticias.com.ar\/index.php?rest_route=%2Fwp%2Fv2%2Fcategories&post=5984"},{"taxonomy":"post_tag","embeddable":true,"href":"https:\/\/impactodenoticias.com.ar\/index.php?rest_route=%2Fwp%2Fv2%2Ftags&post=5984"}],"curies":[{"name":"wp","href":"https:\/\/api.w.org\/{rel}","templated":true}]}}