{"id":602,"date":"2024-06-29T13:19:24","date_gmt":"2024-06-29T16:19:24","guid":{"rendered":"https:\/\/impactodenoticias.com.ar\/?p=602"},"modified":"2024-06-29T13:19:25","modified_gmt":"2024-06-29T16:19:25","slug":"momentos-de-extrema-tension-buscan-a-loan-pena-tras-la-declaracion-testimonial-de-la-tia","status":"publish","type":"post","link":"https:\/\/impactodenoticias.com.ar\/?p=602","title":{"rendered":"MOMENTOS DE EXTREMA TENSI\u00d3N BUSCAN A LOAN PE\u00d1A TRAS LA DECLARACI\u00d3N TESTIMONIAL DE LA T\u00cdA"},"content":{"rendered":"\n<p><strong>Se cumplen 16 d\u00edas desde que el nene fue visto por \u00faltima vez en la casa de la abuela, en una zona rural de 9 de Julio, Corrientes. Este viernes terminaron de declarar los hermanos del ni\u00f1o que faltaban y el padre apunt\u00f3 contra la t\u00eda Laudelina en una entrevista televisiva.<\/strong><\/p>\n\n\n\n<p>Loan Danilo Pe\u00f1a lleva 16 d\u00edas desaparecido, ya que fue visto por \u00faltima vez el pasado 13 de junio en una zona rural de la localidad de 9 de Julio, en Corrientes. Hasta ahora, la \u00fanica que no declar\u00f3 ante la justicia es Laudelina Pe\u00f1a, t\u00eda del nene de 5 a\u00f1os y esposa de Antonio Ben\u00edtez, uno de los imputados.<\/p>\n\n\n\n<p>La mujer fue citada a la Fiscal\u00eda de Goya para prestar una declaraci\u00f3n testimonial. Este mi\u00e9rcoles se le secuestraron dos celulares que ser\u00e1n peritados y su situaci\u00f3n procesal podr\u00eda modificarse. \u201cMi hermana algo oculta\u201d, dijo Jos\u00e9, pap\u00e1 del peque\u00f1o desaparecido, en una entrevista televisiva.<\/p>\n\n\n\n<p><strong>La supuesta confesi\u00f3n de Laudelina<\/strong><\/p>\n\n\n\n<p>El caso por la desaparici\u00f3n de Loan tendr\u00eda un giro inesperado tras la declaraci\u00f3n de Laudelina, t\u00eda del menor y pareja de uno de los detenidos. Frente al fiscal provincial, la mujer habr\u00eda informado que al peque\u00f1o lo atropellaron Mar\u00eda Victoria Caillava y Carlos P\u00e9rez.<\/p>\n\n\n\n<p>Seg\u00fan destac\u00f3, en un momento del recorrido \u201csiente el impacto de la camioneta del matrimonio contra algo, que era el ni\u00f1o\u201d. Adem\u00e1s, manifest\u00f3 que le dijeron que lo iban a llevar al hospital, pero que no sabe \u201crealmente qu\u00e9 pas\u00f3 con el cuerpo\u201d.<\/p>\n\n\n\n<p>La mujer tambi\u00e9n se\u00f1al\u00f3 que tras el accidente y previo a supuestamente ir al hospital, ellos le pidieron que \u201cno diga nada\u201d. Fuentes del caso se\u00f1alaron a NA, que en la declaraci\u00f3n Laudelina habr\u00eda explicado que le entregaron la zapatilla de Loan y el comisario Walter Maciel ser\u00eda quien la plant\u00f3 en la zona rural.<\/p>\n\n\n\n<p>Laudelina deber\u00e1 reafirmar su declaraci\u00f3n ante la Justicia Federal. Sin embargo, hasta este mediod\u00eda, los medios locales destacan que no hay noticias de la mujer desde minutos despu\u00e9s de que termin\u00f3 con su testimonial.<\/p>\n\n\n\n<p>Laudelina Pe\u00f1a es la t\u00eda de Loan y anoche se retir\u00f3 de su casa, que estaba custodiada por un patrullero, a bordo de un veh\u00edculo particular y no estaba esposada. No se conoce cu\u00e1l es el destino del traslado tras abandonar la localidad de 9 de Julio. La acompa\u00f1aban su hija y su abogado.<\/p>\n\n\n\n<p>Jos\u00e9 Pe\u00f1a, pap\u00e1 de Loan, la hab\u00eda complicado en la declaraci\u00f3n testimonial del jueves. All\u00ed afirm\u00f3 que su hijo abandon\u00f3 la casa de su abuela Catalina en compa\u00f1\u00eda de Laudelina. Sostuvo que los vio alejarse rumbo a las plantas de naranjas, pero un rato despu\u00e9s la mujer apareci\u00f3 nuevamente en la casa y pregunt\u00f3 por el peque\u00f1o.<\/p>\n","protected":false},"excerpt":{"rendered":"<p>Se cumplen 16 d&iacute;as desde que el nene fue visto por &uacute;ltima vez en la casa de la abuela, en una zona rural de 9 de Julio, Corrientes. Este viernes terminaron de declarar los hermanos del ni&ntilde;o que faltaban y el padre apunt&oacute; contra la t&iacute;a Laudelina en una entrevista televisiva. Loan Danilo Pe&ntilde;a lleva [&hellip;]<\/p>\n","protected":false},"author":2,"featured_media":603,"comment_status":"open","ping_status":"open","sticky":false,"template":"","format":"standard","meta":{"footnotes":""},"categories":[90,10,8],"tags":[251,250,181],"class_list":["post-602","post","type-post","status-publish","format-standard","has-post-thumbnail","hentry","category-judicial","category-nacionales","category-policiales","tag-busqueda","tag-laudelina","tag-loan-danilo-pena"],"_links":{"self":[{"href":"https:\/\/impactodenoticias.com.ar\/index.php?rest_route=\/wp\/v2\/posts\/602","targetHints":{"allow":["GET"]}}],"collection":[{"href":"https:\/\/impactodenoticias.com.ar\/index.php?rest_route=\/wp\/v2\/posts"}],"about":[{"href":"https:\/\/impactodenoticias.com.ar\/index.php?rest_route=\/wp\/v2\/types\/post"}],"author":[{"embeddable":true,"href":"https:\/\/impactodenoticias.com.ar\/index.php?rest_route=\/wp\/v2\/users\/2"}],"replies":[{"embeddable":true,"href":"https:\/\/impactodenoticias.com.ar\/index.php?rest_route=%2Fwp%2Fv2%2Fcomments&post=602"}],"version-history":[{"count":1,"href":"https:\/\/impactodenoticias.com.ar\/index.php?rest_route=\/wp\/v2\/posts\/602\/revisions"}],"predecessor-version":[{"id":604,"href":"https:\/\/impactodenoticias.com.ar\/index.php?rest_route=\/wp\/v2\/posts\/602\/revisions\/604"}],"wp:featuredmedia":[{"embeddable":true,"href":"https:\/\/impactodenoticias.com.ar\/index.php?rest_route=\/wp\/v2\/media\/603"}],"wp:attachment":[{"href":"https:\/\/impactodenoticias.com.ar\/index.php?rest_route=%2Fwp%2Fv2%2Fmedia&parent=602"}],"wp:term":[{"taxonomy":"category","embeddable":true,"href":"https:\/\/impactodenoticias.com.ar\/index.php?rest_route=%2Fwp%2Fv2%2Fcategories&post=602"},{"taxonomy":"post_tag","embeddable":true,"href":"https:\/\/impactodenoticias.com.ar\/index.php?rest_route=%2Fwp%2Fv2%2Ftags&post=602"}],"curies":[{"name":"wp","href":"https:\/\/api.w.org\/{rel}","templated":true}]}}