{"id":6034,"date":"2024-10-23T10:14:07","date_gmt":"2024-10-23T13:14:07","guid":{"rendered":"https:\/\/impactodenoticias.com.ar\/?p=6034"},"modified":"2024-10-23T10:14:08","modified_gmt":"2024-10-23T13:14:08","slug":"concordia-arrestaron-a-un-abogado-y-le-secuestraron-un-arsenal-de-armas","status":"publish","type":"post","link":"https:\/\/impactodenoticias.com.ar\/?p=6034","title":{"rendered":"Concordia: arrestaron a un abogado y le secuestraron un arsenal de armas"},"content":{"rendered":"\n<h3 class=\"wp-block-heading\">En un operativo llevado adelante por personal de la Comisar\u00eda Cuarta dependiente de la Jefatura Departamental de Polic\u00eda Concordia, un abogado de 41 a\u00f1os fue detenido luego de la incautaci\u00f3n de un arsenal de armas de fuego en su domicilio, en el marco de una causa por violencia de g\u00e9nero.<\/h3>\n\n\n\n<p>Desde la Jefatura de Polic\u00eda se inform\u00f3 que el procedimiento dirigido por el fiscal Francisco Paoli, se realiz\u00f3 el lunes, cerca de las 22, y que \u201cen el lugar se notific\u00f3 a un hombre de 41 a\u00f1os, trat\u00e1ndose de un profesional del Derecho\u201d identificado como Francisco Alejandro Amadio.<\/p>\n\n\n\n<p><\/p>\n\n\n\n<figure class=\"wp-block-image size-full\"><img loading=\"lazy\" decoding=\"async\" width=\"747\" height=\"492\" src=\"https:\/\/impactodenoticias.com.ar\/wp-content\/uploads\/2024\/10\/scrnli_xdk7i0mXeW7LdW-1.png\" alt=\"\" class=\"wp-image-6036\" srcset=\"https:\/\/impactodenoticias.com.ar\/wp-content\/uploads\/2024\/10\/scrnli_xdk7i0mXeW7LdW-1.png 747w, https:\/\/impactodenoticias.com.ar\/wp-content\/uploads\/2024\/10\/scrnli_xdk7i0mXeW7LdW-1-300x198.png 300w\" sizes=\"auto, (max-width: 747px) 100vw, 747px\" \/><\/figure>\n\n\n\n<p><\/p>\n\n\n\n<p>Tambi\u00e9n se se\u00f1al\u00f3 que tras \u201cuna minuciosa b\u00fasqueda\u201d hallaron un arsenal de armas en la vivienda: dos pistolas calibre 9 mil\u00edmetros de la marca Bersa, cinco cargadores de 9 mil\u00edmetros, 48 cartuchos de 9 mil\u00edmetros, tres carabinas calibre de 22 mil\u00edmetros y 100 cartuchos sin percutir de calibre 22 mil\u00edmetros.<\/p>\n\n\n\n<p>Amadio qued\u00f3 detenido y fue trasladado a la Alcaid\u00eda de la Jefatura de Polic\u00eda, mientras se avanza en la investigaci\u00f3n.<\/p>\n\n\n\n<p>El letrado hab\u00eda sido vicepresidente del Instituto de Vivienda y Tierras Aut\u00e1rquico Municipal (InVyTAM) hasta el 21 de diciembre de 2016 cuando el entonces intendente Enrique Cresto firm\u00f3 el decreto que lo desafect\u00f3, luego de haberse apartado \u201cpor razones personales\u201d.<\/p>\n","protected":false},"excerpt":{"rendered":"<p>En un operativo llevado adelante por personal de la Comisar&iacute;a Cuarta dependiente de la Jefatura Departamental de Polic&iacute;a Concordia, un abogado de 41 a&ntilde;os fue detenido luego de la incautaci&oacute;n de un arsenal de armas de fuego en su domicilio, en el marco de una causa por violencia de g&eacute;nero. Desde la Jefatura de Polic&iacute;a [&hellip;]<\/p>\n","protected":false},"author":2,"featured_media":6037,"comment_status":"open","ping_status":"open","sticky":false,"template":"","format":"standard","meta":{"footnotes":""},"categories":[90,8,4],"tags":[782,948,72,2595,1184],"class_list":["post-6034","post","type-post","status-publish","format-standard","has-post-thumbnail","hentry","category-judicial","category-policiales","category-provinciales","tag-abogado","tag-arresto","tag-concordia","tag-francisco-alejandro-amadio","tag-violencia-de-genero"],"_links":{"self":[{"href":"https:\/\/impactodenoticias.com.ar\/index.php?rest_route=\/wp\/v2\/posts\/6034","targetHints":{"allow":["GET"]}}],"collection":[{"href":"https:\/\/impactodenoticias.com.ar\/index.php?rest_route=\/wp\/v2\/posts"}],"about":[{"href":"https:\/\/impactodenoticias.com.ar\/index.php?rest_route=\/wp\/v2\/types\/post"}],"author":[{"embeddable":true,"href":"https:\/\/impactodenoticias.com.ar\/index.php?rest_route=\/wp\/v2\/users\/2"}],"replies":[{"embeddable":true,"href":"https:\/\/impactodenoticias.com.ar\/index.php?rest_route=%2Fwp%2Fv2%2Fcomments&post=6034"}],"version-history":[{"count":1,"href":"https:\/\/impactodenoticias.com.ar\/index.php?rest_route=\/wp\/v2\/posts\/6034\/revisions"}],"predecessor-version":[{"id":6038,"href":"https:\/\/impactodenoticias.com.ar\/index.php?rest_route=\/wp\/v2\/posts\/6034\/revisions\/6038"}],"wp:featuredmedia":[{"embeddable":true,"href":"https:\/\/impactodenoticias.com.ar\/index.php?rest_route=\/wp\/v2\/media\/6037"}],"wp:attachment":[{"href":"https:\/\/impactodenoticias.com.ar\/index.php?rest_route=%2Fwp%2Fv2%2Fmedia&parent=6034"}],"wp:term":[{"taxonomy":"category","embeddable":true,"href":"https:\/\/impactodenoticias.com.ar\/index.php?rest_route=%2Fwp%2Fv2%2Fcategories&post=6034"},{"taxonomy":"post_tag","embeddable":true,"href":"https:\/\/impactodenoticias.com.ar\/index.php?rest_route=%2Fwp%2Fv2%2Ftags&post=6034"}],"curies":[{"name":"wp","href":"https:\/\/api.w.org\/{rel}","templated":true}]}}