{"id":6043,"date":"2024-10-23T10:38:47","date_gmt":"2024-10-23T13:38:47","guid":{"rendered":"https:\/\/impactodenoticias.com.ar\/?p=6043"},"modified":"2024-10-24T10:16:12","modified_gmt":"2024-10-24T13:16:12","slug":"frigerio-deberia-replantearse-si-quiere-ser-complice-de-milei-senalo-caceres","status":"publish","type":"post","link":"https:\/\/impactodenoticias.com.ar\/?p=6043","title":{"rendered":"\u00abFrigerio deber\u00eda replantearse si quiere ser c\u00f3mplice de Milei\u00bb, se\u00f1al\u00f3 C\u00e1ceres"},"content":{"rendered":"\n<h3 class=\"wp-block-heading\">\u201cFrigerio y quienes lo acompa\u00f1an deber\u00edan replantearse si realmente quieren ser c\u00f3mplices de un gobierno que va a quedar entre los peores de la historia\u201d, expres\u00f3 el exvicegobernador Jos\u00e9 C\u00e1ceres. Se\u00f1al\u00f3 que \u201cMilei est\u00e1 en su peor momento desde que asumi\u00f3 y por eso ataca a todo el mundo\u201d, referenciando los dichos del Presidente sobre Cristina Fern\u00e1ndez y Gin\u00e9s Gonz\u00e1lez Garc\u00eda.<\/h3>\n\n\n\n<p>\u201cEl presidente Milei est\u00e1 en su peor momento desde que asumi\u00f3 y por eso ataca a todo el mundo\u201d, se\u00f1al\u00f3 C\u00e1ceres y agreg\u00f3: \u201cEstos \u00faltimos d\u00edas ha mostrado una agresividad que nunca le hab\u00edamos visto a un presidente y eso no le hace ning\u00fan bien a la sociedad, porque cuando se entra en el golpe por golpe todos salen lastimados\u201d.<\/p>\n\n\n\n<p>De acuerdo al dirigente peronista, el Presidente \u201cse pelea con la realidad que ve cada vez m\u00e1s lejos de sus expectativas, y con su gobierno, que entr\u00f3 en un desgaste muy r\u00e1pido y eso le abre la puerta a Macri, listo para hacer sus negocios, como siempre\u201d, apunt\u00f3.<\/p>\n\n\n\n<p>\u201cLa contracara de esa violencia pol\u00edtica es que la gente vive cada vez peor\u201d, dijo y a\u00f1adi\u00f3: \u201cNo le alcanza la plata aunque digan que la inflaci\u00f3n baj\u00f3, y los jubilados tienen que elegir entre comprar los remedios o pagar la luz, por m\u00e1s que el presidente asegure que las jubilaciones crecieron en d\u00f3lares. Eso es clave para cualquier gobierno, ah\u00ed de poco valen las teor\u00edas econ\u00f3micas o las fotos con Mick Jagger\u201d, ironiz\u00f3.<\/p>\n\n\n\n<p>Y afirm\u00f3 adem\u00e1s que, \u201ca la p\u00e9sima situaci\u00f3n que est\u00e1 viviendo la enorme mayor\u00eda de la gente, se suma el miedo al desempleo que, todos sabemos, en este contexto de recesi\u00f3n resulta fatal\u201d.<\/p>\n\n\n\n<p>En ese sentido hizo referencia a la disoluci\u00f3n de la Administraci\u00f3n Federal de Ingresos P\u00fablicos (AFIP), \u201cEs otra brutalidad que le permite la Ley Bases\u201d, dijo. \u201cSe trata de uno de los organismos m\u00e1s modernos que tiene el Estado y sus funciones son clave, como el control de delitos econ\u00f3micos. Cuesta encontrarle alg\u00fan beneficio a la medida, m\u00e1s que para aquellos que basan su fortuna en esquivar al Estado\u201d, destac\u00f3.<\/p>\n\n\n\n<p>\u201cEso no va a estar m\u00e1s, dicen que el organismo que la va a reemplazar (por la AFIP) contar\u00e1 con un 34 por ciento menos trabajadores, es decir que puede haber nuevos despidos en el Estado\u201d, alert\u00f3.<\/p>\n\n\n\n<p>C\u00e1ceres, se\u00f1al\u00f3 tambi\u00e9n: \u201cM\u00e1s all\u00e1 de las necesidades pol\u00edticas de contener al n\u00facleo duro de votantes que empieza a dudar, el discurso de odio, la agresi\u00f3n verbal, no puede quedar as\u00ed. La forma en que el presidente se refiri\u00f3 al ex ministro de Salud de la Naci\u00f3n, Gin\u00e9s Gonz\u00e1lez Garc\u00eda, recientemente fallecido, es una falta de respeto a la condici\u00f3n humana, sin importar cu\u00e1l es su valoraci\u00f3n pol\u00edtica de alguien que para m\u00ed fue uno de los mejores Ministros de Salud de la democracia\u201d, argument\u00f3 y acot\u00f3: \u201cNo contento con eso, le dese\u00f3 la muerte a la ex presidenta de la Naci\u00f3n, la compa\u00f1era Cristina Fern\u00e1ndez. En eso no fue muy creativo porque se han cansado de desearle la muerte al peronismo y eso nunca pas\u00f3, pero es de una gravedad que trasciende la cuesti\u00f3n meramente pol\u00edtica, porque al agredir en p\u00fablico tambi\u00e9n se ataca a personas que no est\u00e1n en la discusi\u00f3n y se da lugar a acciones violentas de otras personas que pueden ir m\u00e1s all\u00e1 de lo verbal\u201d.<\/p>\n\n\n\n<p>En base a sus dichos, interpret\u00f3 que \u201csuena cada vez m\u00e1s inexplicable el apoyo del gobernador Frigerio al gobierno de Milei. Las perspectivas para la provincia son muy malas por este camino, y sin embargo en el oficialismo provincial est\u00e1n trabajando en una alianza con La Libertad Avanza para el a\u00f1o que viene, para sumarle legisladores nacionales al oficialismo, que avalen con votos el desastre que estamos viviendo\u201d.<\/p>\n\n\n\n<p>Finalizando Jos\u00e9 C\u00e1ceres expres\u00f3 que: \u201cFrigerio y quienes lo acompa\u00f1an deber\u00edan replantearse si realmente quieren ser c\u00f3mplices de un gobierno que va a quedar entre los peores de la historia y que hace un gran esfuerzo simb\u00f3lico y material para apegarse cada vez m\u00e1s a esa l\u00ednea hist\u00f3rica que une el odio antiperonista de la Libertadora con las nefastas gestiones econ\u00f3micas de Celestino Rodr\u00edguez y Mart\u00ednez de Hoz\u201d.<\/p>\n","protected":false},"excerpt":{"rendered":"<p>&ldquo;Frigerio y quienes lo acompa&ntilde;an deber&iacute;an replantearse si realmente quieren ser c&oacute;mplices de un gobierno que va a quedar entre los peores de la historia&rdquo;, expres&oacute; el exvicegobernador Jos&eacute; C&aacute;ceres. Se&ntilde;al&oacute; que &ldquo;Milei est&aacute; en su peor momento desde que asumi&oacute; y por eso ataca a todo el mundo&rdquo;, referenciando los dichos del Presidente sobre [&hellip;]<\/p>\n","protected":false},"author":2,"featured_media":6044,"comment_status":"open","ping_status":"open","sticky":false,"template":"","format":"standard","meta":{"footnotes":""},"categories":[11,4],"tags":[30,212,506,39],"class_list":["post-6043","post","type-post","status-publish","format-standard","has-post-thumbnail","hentry","category-politica","category-provinciales","tag-cristina-kirchner","tag-javier-milei","tag-jose-caceres","tag-rogelio-frigerio"],"_links":{"self":[{"href":"https:\/\/impactodenoticias.com.ar\/index.php?rest_route=\/wp\/v2\/posts\/6043","targetHints":{"allow":["GET"]}}],"collection":[{"href":"https:\/\/impactodenoticias.com.ar\/index.php?rest_route=\/wp\/v2\/posts"}],"about":[{"href":"https:\/\/impactodenoticias.com.ar\/index.php?rest_route=\/wp\/v2\/types\/post"}],"author":[{"embeddable":true,"href":"https:\/\/impactodenoticias.com.ar\/index.php?rest_route=\/wp\/v2\/users\/2"}],"replies":[{"embeddable":true,"href":"https:\/\/impactodenoticias.com.ar\/index.php?rest_route=%2Fwp%2Fv2%2Fcomments&post=6043"}],"version-history":[{"count":1,"href":"https:\/\/impactodenoticias.com.ar\/index.php?rest_route=\/wp\/v2\/posts\/6043\/revisions"}],"predecessor-version":[{"id":6045,"href":"https:\/\/impactodenoticias.com.ar\/index.php?rest_route=\/wp\/v2\/posts\/6043\/revisions\/6045"}],"wp:featuredmedia":[{"embeddable":true,"href":"https:\/\/impactodenoticias.com.ar\/index.php?rest_route=\/wp\/v2\/media\/6044"}],"wp:attachment":[{"href":"https:\/\/impactodenoticias.com.ar\/index.php?rest_route=%2Fwp%2Fv2%2Fmedia&parent=6043"}],"wp:term":[{"taxonomy":"category","embeddable":true,"href":"https:\/\/impactodenoticias.com.ar\/index.php?rest_route=%2Fwp%2Fv2%2Fcategories&post=6043"},{"taxonomy":"post_tag","embeddable":true,"href":"https:\/\/impactodenoticias.com.ar\/index.php?rest_route=%2Fwp%2Fv2%2Ftags&post=6043"}],"curies":[{"name":"wp","href":"https:\/\/api.w.org\/{rel}","templated":true}]}}