{"id":6046,"date":"2024-10-23T10:49:18","date_gmt":"2024-10-23T13:49:18","guid":{"rendered":"https:\/\/impactodenoticias.com.ar\/?p=6046"},"modified":"2024-10-24T10:16:08","modified_gmt":"2024-10-24T13:16:08","slug":"empleados-de-la-afip-en-entre-rios-en-estado-de-alerta-y-movilizacion","status":"publish","type":"post","link":"https:\/\/impactodenoticias.com.ar\/?p=6046","title":{"rendered":"Empleados de la AFIP en Entre R\u00edos en estado de alerta y movilizaci\u00f3n"},"content":{"rendered":"\n<h3 class=\"wp-block-heading\">Empleados de la Administraci\u00f3n Federal de Ingresos P\u00fablicos (AFIP) comenzaron un estado de asamblea, alerta y movilizaci\u00f3n, ante el anuncio del gobierno nacional de disoluci\u00f3n del organismo. As\u00ed lo inform\u00f3 el secretario general de la Asociaci\u00f3n de Empleados Fiscales e Ingresos P\u00fablicos (Aefip) en Paran\u00e1, Dar\u00edo Marengo.<\/h3>\n\n\n\n<p>Desde la Aefip seccional Paran\u00e1 manifestaron el retundo rechazo a cualquier intento de desmantelar la AFIP, por lo que el gremio se declar\u00f3 en estado de asamblea, alerta y movilizaci\u00f3n, sin embargo por ahora no resentir\u00e1 la atenci\u00f3n al contribuyente\u201d, destac\u00f3 Marengo. El dirigente gremial precis\u00f3 que \u201ceste ataque no solo estigmatiza a los trabajadores, sino que es parte de una clara maniobra de persecuci\u00f3n pol\u00edtica hacia los empleados p\u00fablicos, buscando desarticular a uno de los organismos clave en la recaudaci\u00f3n tributaria y aduanera\u201d.<\/p>\n\n\n\n<p>El dirigente adelant\u00f3 que \u201cse eval\u00faan todas las medidas sindicales y se supone que esto es el comienzo de un arduo conflicto, que no solamente se plasmar\u00e1 en un paro general, sino que ir\u00e1 creciendo con asambleas, quites de colaboraci\u00f3n o paros con tiempo indeterminado, por un lado, y, por el otro, se piensa judicializar la defensa de la estabilidad del empleo p\u00fablico como est\u00e1 establecido en la Constituci\u00f3n Nacional\u201d.<\/p>\n\n\n\n<p>Marengo se\u00f1al\u00f3 que lo que dijo el secretario de Comunicaci\u00f3n y Medios de la Naci\u00f3n, Manuel Adorni, sobre la planta del organismo \u201ces mentira, ya que la AFIP se viene achicando\u201d, y a modo de ejemplo indic\u00f3: \u201cHace 24 a\u00f1os hab\u00eda 250 personas en Paran\u00e1 y ahora somos 160 trabajadores, es decir, se redujo la planta y no ingres\u00f3 la cantidad de personal que era necesario seg\u00fan un relevamiento que efectiviz\u00f3 la Secretar\u00eda de Empleo\u201d.<\/p>\n\n\n\n<p>Explic\u00f3 que \u201cde 40 inspectores en Paran\u00e1 se pas\u00f3 a 20 para m\u00e1s de 100.000 contribuyentes y a nivel nacional hay 3.500 inspectores de ordinaria, mientras que pa\u00edses con la misma poblaci\u00f3n, como Espa\u00f1a o Alemania, hay m\u00e1s de 60.000 inspectores para luchar contra la evasi\u00f3n fiscal, el trabajo en negro y el contrabando\u201d.<\/p>\n\n\n\n<p>Seg\u00fan Marengo, los despidos \u201cno solo vulneran estos derechos funda mentales, sino que tambi\u00e9n son un avance directo hacia el vaciamiento del Estado, favoreciendo intereses privados y grupos econ\u00f3micos poderosos en el marco de una pol\u00edtica para beneficiar a los grandes evasores (que son beneficiarios del blanqueo de capitales, a quienes se le reducen impuestos y del R\u00e9gimen de Incentivo para Grandes Inversiones) y perseguir a los trabajadores, afectando a la sociedad en su conjunto\u201d.<\/p>\n\n\n\n<p>Advierti\u00f3 adem\u00e1s que el ajuste, que reducir\u00e1 del 34 por ciento de la estructura actual, implicar\u00e1 que la AFIP perder\u00e1 su autarqu\u00eda econ\u00f3mica, financiera y administrativa, por lo que \u201cse transformar\u00e1 en la caja pol\u00edtica del gobierno de turno, debilitando su capacidad recaudatoria y funcionalidad\u201d.<\/p>\n","protected":false},"excerpt":{"rendered":"<p>Empleados de la Administraci&oacute;n Federal de Ingresos P&uacute;blicos (AFIP) comenzaron un estado de asamblea, alerta y movilizaci&oacute;n, ante el anuncio del gobierno nacional de disoluci&oacute;n del organismo. As&iacute; lo inform&oacute; el secretario general de la Asociaci&oacute;n de Empleados Fiscales e Ingresos P&uacute;blicos (Aefip) en Paran&aacute;, Dar&iacute;o Marengo. Desde la Aefip seccional Paran&aacute; manifestaron el retundo [&hellip;]<\/p>\n","protected":false},"author":2,"featured_media":6047,"comment_status":"open","ping_status":"open","sticky":false,"template":"","format":"standard","meta":{"footnotes":""},"categories":[91,11,4],"tags":[2596,1856,1613,2597,2122,33,2598,98],"class_list":["post-6046","post","type-post","status-publish","format-standard","has-post-thumbnail","hentry","category-gremiales","category-politica","category-provinciales","tag-aefip","tag-afip","tag-alerta","tag-dario-marengo","tag-empleados","tag-entre-rios","tag-manuel-adorni","tag-movilizacion"],"_links":{"self":[{"href":"https:\/\/impactodenoticias.com.ar\/index.php?rest_route=\/wp\/v2\/posts\/6046","targetHints":{"allow":["GET"]}}],"collection":[{"href":"https:\/\/impactodenoticias.com.ar\/index.php?rest_route=\/wp\/v2\/posts"}],"about":[{"href":"https:\/\/impactodenoticias.com.ar\/index.php?rest_route=\/wp\/v2\/types\/post"}],"author":[{"embeddable":true,"href":"https:\/\/impactodenoticias.com.ar\/index.php?rest_route=\/wp\/v2\/users\/2"}],"replies":[{"embeddable":true,"href":"https:\/\/impactodenoticias.com.ar\/index.php?rest_route=%2Fwp%2Fv2%2Fcomments&post=6046"}],"version-history":[{"count":2,"href":"https:\/\/impactodenoticias.com.ar\/index.php?rest_route=\/wp\/v2\/posts\/6046\/revisions"}],"predecessor-version":[{"id":6049,"href":"https:\/\/impactodenoticias.com.ar\/index.php?rest_route=\/wp\/v2\/posts\/6046\/revisions\/6049"}],"wp:featuredmedia":[{"embeddable":true,"href":"https:\/\/impactodenoticias.com.ar\/index.php?rest_route=\/wp\/v2\/media\/6047"}],"wp:attachment":[{"href":"https:\/\/impactodenoticias.com.ar\/index.php?rest_route=%2Fwp%2Fv2%2Fmedia&parent=6046"}],"wp:term":[{"taxonomy":"category","embeddable":true,"href":"https:\/\/impactodenoticias.com.ar\/index.php?rest_route=%2Fwp%2Fv2%2Fcategories&post=6046"},{"taxonomy":"post_tag","embeddable":true,"href":"https:\/\/impactodenoticias.com.ar\/index.php?rest_route=%2Fwp%2Fv2%2Ftags&post=6046"}],"curies":[{"name":"wp","href":"https:\/\/api.w.org\/{rel}","templated":true}]}}