{"id":605,"date":"2024-06-29T13:36:16","date_gmt":"2024-06-29T16:36:16","guid":{"rendered":"https:\/\/impactodenoticias.com.ar\/?p=605"},"modified":"2024-06-29T13:36:21","modified_gmt":"2024-06-29T16:36:21","slug":"parana-fallecio-en-la-via-publica-un-vendedor-ambulante","status":"publish","type":"post","link":"https:\/\/impactodenoticias.com.ar\/?p=605","title":{"rendered":"Paran\u00e1: falleci\u00f3 en la v\u00eda p\u00fablica un vendedor ambulante"},"content":{"rendered":"\n<p><strong>La v\u00edctima fatal es un hombre de 73 a\u00f1os, quien se descompens\u00f3 en avenida Ram\u00edrez de Paran\u00e1. Era vendedor de la feria de la Escuela Hogar.<\/strong><\/p>\n\n\n\n<p>Un hombre de 73 a\u00f1os falleci\u00f3 en plena v\u00eda p\u00fablica de Paran\u00e1. El hecho gener\u00f3 la intervenci\u00f3n policial para aclarar lo sucedido. Trascendi\u00f3 que era vendedor ambulante.<\/p>\n\n\n\n<p>Este s\u00e1bado a las 10.00 fue solicitado el personal policial de Comisaria 4\u00b0 a calle Vicente del Castillo y avenida Ram\u00edrez, por una persona tirada en la v\u00eda p\u00fablica con dificultades para respirar.<\/p>\n\n\n\n<p>En el lugar se le practic\u00f3 RCP, hasta que arrib\u00f3 la ambulancia, quienes constataron el fallecimiento del hombre aparentemente por un paro cardiorrespiratorio.<\/p>\n\n\n\n<p>Desde la Polic\u00eda precisaron que el fallecido es un hombre de 73 a\u00f1os, quien se desempe\u00f1aba como emprendedor de la feria de la Escuela Hogar, m\u00e1s precisamente vendedor de flores.<\/p>\n\n\n\n<p>Intervino el m\u00e9dico de polic\u00eda en turno, quien determin\u00f3 que se trat\u00f3 de muerte natural, sin ning\u00fan signo de violencia.<\/p>\n","protected":false},"excerpt":{"rendered":"<p>La v&iacute;ctima fatal es un hombre de 73 a&ntilde;os, quien se descompens&oacute; en avenida Ram&iacute;rez de Paran&aacute;. Era vendedor de la feria de la Escuela Hogar. Un hombre de 73 a&ntilde;os falleci&oacute; en plena v&iacute;a p&uacute;blica de Paran&aacute;. El hecho gener&oacute; la intervenci&oacute;n policial para aclarar lo sucedido. Trascendi&oacute; que era vendedor ambulante. Este s&aacute;bado [&hellip;]<\/p>\n","protected":false},"author":2,"featured_media":606,"comment_status":"open","ping_status":"open","sticky":false,"template":"","format":"standard","meta":{"footnotes":""},"categories":[3,8],"tags":[257,255,252,95,253,256,254],"class_list":["post-605","post","type-post","status-publish","format-standard","has-post-thumbnail","hentry","category-locales","category-policiales","tag-ambulante","tag-escuela-hogar","tag-fallecio","tag-parana","tag-ramirez","tag-vendedor","tag-vicente-castillo"],"_links":{"self":[{"href":"https:\/\/impactodenoticias.com.ar\/index.php?rest_route=\/wp\/v2\/posts\/605","targetHints":{"allow":["GET"]}}],"collection":[{"href":"https:\/\/impactodenoticias.com.ar\/index.php?rest_route=\/wp\/v2\/posts"}],"about":[{"href":"https:\/\/impactodenoticias.com.ar\/index.php?rest_route=\/wp\/v2\/types\/post"}],"author":[{"embeddable":true,"href":"https:\/\/impactodenoticias.com.ar\/index.php?rest_route=\/wp\/v2\/users\/2"}],"replies":[{"embeddable":true,"href":"https:\/\/impactodenoticias.com.ar\/index.php?rest_route=%2Fwp%2Fv2%2Fcomments&post=605"}],"version-history":[{"count":1,"href":"https:\/\/impactodenoticias.com.ar\/index.php?rest_route=\/wp\/v2\/posts\/605\/revisions"}],"predecessor-version":[{"id":607,"href":"https:\/\/impactodenoticias.com.ar\/index.php?rest_route=\/wp\/v2\/posts\/605\/revisions\/607"}],"wp:featuredmedia":[{"embeddable":true,"href":"https:\/\/impactodenoticias.com.ar\/index.php?rest_route=\/wp\/v2\/media\/606"}],"wp:attachment":[{"href":"https:\/\/impactodenoticias.com.ar\/index.php?rest_route=%2Fwp%2Fv2%2Fmedia&parent=605"}],"wp:term":[{"taxonomy":"category","embeddable":true,"href":"https:\/\/impactodenoticias.com.ar\/index.php?rest_route=%2Fwp%2Fv2%2Fcategories&post=605"},{"taxonomy":"post_tag","embeddable":true,"href":"https:\/\/impactodenoticias.com.ar\/index.php?rest_route=%2Fwp%2Fv2%2Ftags&post=605"}],"curies":[{"name":"wp","href":"https:\/\/api.w.org\/{rel}","templated":true}]}}