{"id":6057,"date":"2024-10-23T19:49:27","date_gmt":"2024-10-23T22:49:27","guid":{"rendered":"https:\/\/impactodenoticias.com.ar\/?p=6057"},"modified":"2024-10-24T10:15:46","modified_gmt":"2024-10-24T13:15:46","slug":"el-gobierno-convoco-a-los-docentes-a-retomar-las-conversaciones","status":"publish","type":"post","link":"https:\/\/impactodenoticias.com.ar\/?p=6057","title":{"rendered":"El gobierno convoc\u00f3 a los gremios docentes a retomar las conversaciones"},"content":{"rendered":"\n<h3 class=\"wp-block-heading\">La reuni\u00f3n est\u00e1 prevista para el lunes en el Ministerio de Trabajo. Agmer hab\u00eda emplazado al gobierno hasta el d\u00eda de hoy para tener una nueva oferta.<\/h3>\n\n\n\n<p>En respuesta al pedido del gremio docente, el Ejecutivo a trav\u00e9s del Ministerio de Gobierno y Trabajo, convoc\u00f3 \u201cal di\u00e1logo y a conformar una mesa de trabajo\u201d a los cuatro gremios docentes de la provincia: Agmer, AMET, Sadop y UDA. La cita est\u00e1 prevista para el lunes a las 12 en la sede de la cartera provincial.<\/p>\n\n\n\n<p>\u201cConvocamos a los docentes a retomar el di\u00e1logo y a delinear acciones, atentos al pedido hecho por Agmer\u201d, expres\u00f3 el ministro de Gobierno y Trabajo, Manuel Troncoso. No obstante aclar\u00f3: \u201cEsto no significa una convocatoria formal a la mesa paritaria, sino a retomar las conversaciones\u201d.<\/p>\n\n\n\n<p>\u201cReconocemos la importancia del di\u00e1logo abierto y constructivo entre las partes, y creemos que es fundamental generar este espacio y esta es una muestra m\u00e1s de este gobierno\u201d, a\u00f1adi\u00f3 Troncoso.<\/p>\n\n\n\n<p>Cabe recordar que el jueves \u00faltimo, en un congreso en San Salvador, Agmer emplaz\u00f3 al gobierno hasta este mi\u00e9rcoles para que haga una nueva oferta salarial, mandatando de lo contrario a la Comisi\u00f3n Directiva Central a adoptar las medidas que considerara. Por el momento no han emitido ning\u00fan tipo de comunicaci\u00f3n desde el sindicato, ya sea en relaci\u00f3n a la convocatoria de la provincia o posibles medidas de fuerza.<\/p>\n","protected":false},"excerpt":{"rendered":"<p>La reuni&oacute;n est&aacute; prevista para el lunes en el Ministerio de Trabajo. Agmer hab&iacute;a emplazado al gobierno hasta el d&iacute;a de hoy para tener una nueva oferta. En respuesta al pedido del gremio docente, el Ejecutivo a trav&eacute;s del Ministerio de Gobierno y Trabajo, convoc&oacute; &ldquo;al di&aacute;logo y a conformar una mesa de trabajo&rdquo; a [&hellip;]<\/p>\n","protected":false},"author":2,"featured_media":6058,"comment_status":"open","ping_status":"open","sticky":false,"template":"","format":"standard","meta":{"footnotes":""},"categories":[91,10,4],"tags":[2603,1639,799,33,902,332],"class_list":["post-6057","post","type-post","status-publish","format-standard","has-post-thumbnail","hentry","category-gremiales","category-nacionales","category-provinciales","tag-conversaciones","tag-convocatoria","tag-docentes","tag-entre-rios","tag-gremios","tag-manuel-troncoso"],"_links":{"self":[{"href":"https:\/\/impactodenoticias.com.ar\/index.php?rest_route=\/wp\/v2\/posts\/6057","targetHints":{"allow":["GET"]}}],"collection":[{"href":"https:\/\/impactodenoticias.com.ar\/index.php?rest_route=\/wp\/v2\/posts"}],"about":[{"href":"https:\/\/impactodenoticias.com.ar\/index.php?rest_route=\/wp\/v2\/types\/post"}],"author":[{"embeddable":true,"href":"https:\/\/impactodenoticias.com.ar\/index.php?rest_route=\/wp\/v2\/users\/2"}],"replies":[{"embeddable":true,"href":"https:\/\/impactodenoticias.com.ar\/index.php?rest_route=%2Fwp%2Fv2%2Fcomments&post=6057"}],"version-history":[{"count":3,"href":"https:\/\/impactodenoticias.com.ar\/index.php?rest_route=\/wp\/v2\/posts\/6057\/revisions"}],"predecessor-version":[{"id":6069,"href":"https:\/\/impactodenoticias.com.ar\/index.php?rest_route=\/wp\/v2\/posts\/6057\/revisions\/6069"}],"wp:featuredmedia":[{"embeddable":true,"href":"https:\/\/impactodenoticias.com.ar\/index.php?rest_route=\/wp\/v2\/media\/6058"}],"wp:attachment":[{"href":"https:\/\/impactodenoticias.com.ar\/index.php?rest_route=%2Fwp%2Fv2%2Fmedia&parent=6057"}],"wp:term":[{"taxonomy":"category","embeddable":true,"href":"https:\/\/impactodenoticias.com.ar\/index.php?rest_route=%2Fwp%2Fv2%2Fcategories&post=6057"},{"taxonomy":"post_tag","embeddable":true,"href":"https:\/\/impactodenoticias.com.ar\/index.php?rest_route=%2Fwp%2Fv2%2Ftags&post=6057"}],"curies":[{"name":"wp","href":"https:\/\/api.w.org\/{rel}","templated":true}]}}