{"id":6089,"date":"2024-10-24T09:34:10","date_gmt":"2024-10-24T12:34:10","guid":{"rendered":"https:\/\/impactodenoticias.com.ar\/?p=6089"},"modified":"2024-10-25T14:37:10","modified_gmt":"2024-10-25T17:37:10","slug":"senado-despacho-favorable-al-proyecto-de-ley-de-acceso-a-la-informacion-publica","status":"publish","type":"post","link":"https:\/\/impactodenoticias.com.ar\/?p=6089","title":{"rendered":"Senado: despacho favorable al Proyecto de Ley de Acceso a la Informaci\u00f3n P\u00fablica"},"content":{"rendered":"\n<h3 class=\"wp-block-heading\">La Comisi\u00f3n de Legislaci\u00f3n General de la C\u00e1mara de Senadores se reuni\u00f3 este mi\u00e9rcoles para avanzar en el tratamiento de varios proyectos de ley. Hizo lo propio la Comisi\u00f3n de Asuntos Constitucionales y Acuerdos.<\/h3>\n\n\n\n<p>La reuni\u00f3n de la Comisi\u00f3n de Legislaci\u00f3n General, que se realiz\u00f3 este mi\u00e9rcoles por la ma\u00f1ana, estuvo presidida por el senador de Gualeguaych\u00fa, Jaime Benedetti. Participaron del encuentro los representantes de Federal, Nogoy\u00e1, Diamante, Uruguay y Federaci\u00f3n, Nancy Miranda, Rafael Cavagna, Gustavo Vergara, Mart\u00edn Oliva y Rub\u00e9n Dal Molin, respectivamente.<\/p>\n\n\n\n<p><strong>Acceso a la informaci\u00f3n p\u00fablica<\/strong><\/p>\n\n\n\n<p>Se suscribi\u00f3 un despacho de comisi\u00f3n favorable al proyecto de ley que reglamenta el acceso a la informaci\u00f3n p\u00fablica. Ya cuenta con media sanci\u00f3n de la C\u00e1mara de Diputados. Se trata de un proyecto que fue impulsado por el Poder Ejecutivo y reglamenta el derecho contemplado en la Constituci\u00f3n Entrerriana en su art\u00edculo 13, estableciendo principios obligatorios, reconociendo el derecho de acceso a la informaci\u00f3n p\u00fablica, de forma gratuita, informal, completa, veraz, adecuada y oportuna, que est\u00e9 en poder de cualquier \u00f3rganos del Estado entrerriano, entes, empresas, municipios, comunas o universidades.<\/p>\n\n\n\n<p><strong>Pensi\u00f3n para Gobernador y Vicegobernador<\/strong><\/p>\n\n\n\n<p>Se continu\u00f3 el trabajo sobre el proyecto de ley que propone la derogaci\u00f3n de la ley 4506, por la que establece una pensi\u00f3n vitalicia para los ciudadanos que hayan ocupado los cargos de Gobernador\/a y Vicegobernador\/a de la provincia. Rige desde 1965 y es un beneficio que se hace extensivo, en caso de fallecimiento del beneficiario, a su c\u00f3nyuge.<\/p>\n\n\n\n<p>El proyecto fue generado por el Poder Ejecutivo y ya cuenta con media sanci\u00f3n de la C\u00e1mara de Diputados. Este mi\u00e9rcoles los legisladores realizaron un an\u00e1lisis del articulado y se observ\u00f3 que el art\u00edculo 5, referido a la posible caducidad del beneficio, podr\u00eda ser cuestionado por inconstitucional.<\/p>\n\n\n\n<p>Se decidi\u00f3 hacer una consulta sobre este punto al Instituto de Derecho Constitucional del Colegio de la Abogac\u00eda de Entre R\u00edos. Representantes de este instituto podr\u00edan mantener un encuentro con los legisladores la pr\u00f3xima semana.<\/p>\n\n\n\n<p><strong>\u00c9tica P\u00fablica<\/strong><\/p>\n\n\n\n<p>Se comenz\u00f3 con el trabajo en comisi\u00f3n sobre el expediente 26785, de Transparencia y \u00c9tica P\u00fablica. Se trata de la reglamentaci\u00f3n de los art\u00edculos 37 y 40 de la Constituci\u00f3n de Entre R\u00edos y regula las normas de conducta que deben regir en el ejercicio de la funci\u00f3n p\u00fablica.<br>En el art\u00edculo 1 precisa que tiene como finalidad \u201cbrindar publicidad, transparencia y ficha limpia de las personas humanas y de sus actos jur\u00eddicos\u201d.<\/p>\n\n\n\n<p>El proyecto establece deberes, prohibiciones, inhabilidades e incompatibilidades aplicables, sin excepci\u00f3n, a todas las personas humanas que se desempe\u00f1en en cualquiera de sus tres poderes, sin perjuicio de las normas especiales que otras leyes establezcan en situaciones particulares o similares para algunos funcionarios y empleados p\u00fablicos en particular.<\/p>\n\n\n\n<p><strong>Eliminaci\u00f3n de Gastos Reservados<\/strong><\/p>\n\n\n\n<p>Tambi\u00e9n abordaron el proyecto que propone derogar la ley 10533, de gastos reservados. Adem\u00e1s se proh\u00edbe la existencia de cr\u00e9ditos destinados a gastos reservados, secretos y\/o confidenciales y\/o clasificados. Determina la iniciativa que en ning\u00fan caso la informaci\u00f3n sobre un cr\u00e9dito presupuestario podr\u00e1 ser declarada secreta o confidencial. Tampoco podr\u00e1 ser eximida de su rendici\u00f3n ante los organismos de control.<\/p>\n\n\n\n<p>El proyecto cuenta con el apoyo de los legisladores de ambos bloques. Se realizar\u00e1n consultas con funcionarios del Poder Ejecutivo antes de suscribir el despacho.<\/p>\n\n\n\n<p><strong>Inmueble para L\u00edbaros<\/strong><\/p>\n\n\n\n<p>Tuvo despacho favorable el proyecto de ley que autoriza a transferir un inmueble a t\u00edtulo de donaci\u00f3n, desde el gobierno provincial, a favor de la Comuna de L\u00edbaros, en el departamento Uruguay.<\/p>\n\n\n\n<p><strong>Ley de transici\u00f3n: el Senado sostiene sus reformas<\/strong><\/p>\n\n\n\n<p>La Comisi\u00f3n de Legislaci\u00f3n General, despu\u00e9s de analizar el expediente que viene en segunda revisi\u00f3n, que establece un r\u00e9gimen de transici\u00f3n de gobierno, decidi\u00f3 insistir con el proyecto que fuera modificado (en la primera revisi\u00f3n) por la C\u00e1mara alta, por lo que volver\u00e1, una vez tratado en sesi\u00f3n, a la C\u00e1mara de Diputados.<\/p>\n\n\n\n<p><strong>Despacho favorable para los Acuerdos de autoridades del COPNAF<\/strong><\/p>\n\n\n\n<p>A las 11 de este mi\u00e9rcoles, se reuni\u00f3 la Comisi\u00f3n de Asuntos Constitucionales y Acuerdos del Senado. Estuvieron presentes los senadores Rafael Cavagna (Nogoy\u00e1), Gustavo Vergara (Diamante), Jaime Benedetti (Gualeguaych\u00fa), Patricia D\u00edaz (La Paz), Nancy Miranda (Federal) y Marcelo Berthet (San Salvador).<\/p>\n\n\n\n<p>Se suscribieron los despachos favorables para los pedidos de Acuerdo Constitucionales referidos a las autoridades del Consejo Provincial del Ni\u00f1o, el Adolescente y la Familia (COPNAF).<\/p>\n\n\n\n<p>Se trata de los referidos a Clarisa Sack, quien fue propuesta como presidente del organismo y de, Silvia Nora Urruzola, propuesta como vicepresidente. Ambas cumplieron con todos los pasos previstos en el art\u00edculo 19 del reglamento de la C\u00e1mara de Senadores. Podr\u00edan ser aprobados en la pr\u00f3xima sesi\u00f3n prevista para dentro de una semana.<\/p>\n","protected":false},"excerpt":{"rendered":"<p>La Comisi&oacute;n de Legislaci&oacute;n General de la C&aacute;mara de Senadores se reuni&oacute; este mi&eacute;rcoles para avanzar en el tratamiento de varios proyectos de ley. Hizo lo propio la Comisi&oacute;n de Asuntos Constitucionales y Acuerdos. La reuni&oacute;n de la Comisi&oacute;n de Legislaci&oacute;n General, que se realiz&oacute; este mi&eacute;rcoles por la ma&ntilde;ana, estuvo presidida por el senador [&hellip;]<\/p>\n","protected":false},"author":2,"featured_media":6090,"comment_status":"open","ping_status":"open","sticky":false,"template":"","format":"standard","meta":{"footnotes":""},"categories":[11,4],"tags":[1450,2611,33,2612,1685,1128,288],"class_list":["post-6089","post","type-post","status-publish","format-standard","has-post-thumbnail","hentry","category-politica","category-provinciales","tag-acceso","tag-despacho","tag-entre-rios","tag-favorable","tag-informacion","tag-publica","tag-senado"],"_links":{"self":[{"href":"https:\/\/impactodenoticias.com.ar\/index.php?rest_route=\/wp\/v2\/posts\/6089","targetHints":{"allow":["GET"]}}],"collection":[{"href":"https:\/\/impactodenoticias.com.ar\/index.php?rest_route=\/wp\/v2\/posts"}],"about":[{"href":"https:\/\/impactodenoticias.com.ar\/index.php?rest_route=\/wp\/v2\/types\/post"}],"author":[{"embeddable":true,"href":"https:\/\/impactodenoticias.com.ar\/index.php?rest_route=\/wp\/v2\/users\/2"}],"replies":[{"embeddable":true,"href":"https:\/\/impactodenoticias.com.ar\/index.php?rest_route=%2Fwp%2Fv2%2Fcomments&post=6089"}],"version-history":[{"count":1,"href":"https:\/\/impactodenoticias.com.ar\/index.php?rest_route=\/wp\/v2\/posts\/6089\/revisions"}],"predecessor-version":[{"id":6091,"href":"https:\/\/impactodenoticias.com.ar\/index.php?rest_route=\/wp\/v2\/posts\/6089\/revisions\/6091"}],"wp:featuredmedia":[{"embeddable":true,"href":"https:\/\/impactodenoticias.com.ar\/index.php?rest_route=\/wp\/v2\/media\/6090"}],"wp:attachment":[{"href":"https:\/\/impactodenoticias.com.ar\/index.php?rest_route=%2Fwp%2Fv2%2Fmedia&parent=6089"}],"wp:term":[{"taxonomy":"category","embeddable":true,"href":"https:\/\/impactodenoticias.com.ar\/index.php?rest_route=%2Fwp%2Fv2%2Fcategories&post=6089"},{"taxonomy":"post_tag","embeddable":true,"href":"https:\/\/impactodenoticias.com.ar\/index.php?rest_route=%2Fwp%2Fv2%2Ftags&post=6089"}],"curies":[{"name":"wp","href":"https:\/\/api.w.org\/{rel}","templated":true}]}}