{"id":6136,"date":"2024-10-25T11:58:50","date_gmt":"2024-10-25T14:58:50","guid":{"rendered":"https:\/\/impactodenoticias.com.ar\/?p=6136"},"modified":"2024-10-26T10:58:55","modified_gmt":"2024-10-26T13:58:55","slug":"patria-grande-presentara-juntas-promotoras-en-entre-rios","status":"publish","type":"post","link":"https:\/\/impactodenoticias.com.ar\/?p=6136","title":{"rendered":"Patria Grande presentar\u00e1 juntas promotoras en Entre R\u00edos"},"content":{"rendered":"\n<h3 class=\"wp-block-heading\">El s\u00e1bado referentes y militantes de los departamentos Paran\u00e1, Nogoy\u00e1, Rosario del Tala, Concordia, Concepci\u00f3n del Uruguay, La Paz, Colon, Gualeguaych\u00fa y Villaguay se encontraron para constituir las juntas promotoras en el marco de la campa\u00f1a de afiliaci\u00f3n para la obtenci\u00f3n de la personer\u00eda jur\u00eddica en la provincia.<\/h3>\n\n\n\n<p>En la actualidad la organizaci\u00f3n que tiene como principal referente a Juan Grabois tiene presencia en las 24 provincias de Argentina.<\/p>\n\n\n\n<p>\u201cCon la certeza de que donde hay una necesidad, existe un derecho, convocan a una construcci\u00f3n provincial de car\u00e1cter federal cimentada desde abajo hacia arriba para la construcci\u00f3n del Plan de Desarrollo Humano\u201d, se\u00f1alaron desde la organizaci\u00f3n.<\/p>\n\n\n\n<p>El plan para una Entre R\u00edos Humana se gest\u00f3 sobre ocho ejes program\u00e1ticos: salud, educaci\u00f3n, trabajo, integraci\u00f3n socio-urbana, desarrollo econ\u00f3mico, ambiente y feminismo.<\/p>\n\n\n\n<p>\u201cEn sinton\u00eda con ese proceso y la construcci\u00f3n de las personer\u00edas jur\u00eddicas busca constituirse como una alternativa pol\u00edtica frente al dif\u00edcil contexto que atraviesan los argentinos\u201d.<\/p>\n\n\n\n<p>\u201cLa construcci\u00f3n de unidad requiere de altas responsabilidades ante la etapa hist\u00f3rica por eso urge la conformaci\u00f3n de espacios que habiliten la discusi\u00f3n pol\u00edtica entre trabajadores, j\u00f3venes, estudiantes, empresarios, productores y militantes populares donde sean respetadas las diversas identidades\u201d, expresaron.<\/p>\n\n\n\n<p>\u201cPor eso la intenci\u00f3n es seguir afianzando una construcci\u00f3n con personas de toda la provincia para as\u00ed contemplar la diversidad de problem\u00e1ticas y realidades del territorio, fomentando el encuentro, el debate y el intercambio de miradas para avanzar hacia el horizonte que mejor represente al conjunto\u201d, concluyeron.<\/p>\n","protected":false},"excerpt":{"rendered":"<p>El s&aacute;bado referentes y militantes de los departamentos Paran&aacute;, Nogoy&aacute;, Rosario del Tala, Concordia, Concepci&oacute;n del Uruguay, La Paz, Colon, Gualeguaych&uacute; y Villaguay se encontraron para constituir las juntas promotoras en el marco de la campa&ntilde;a de afiliaci&oacute;n para la obtenci&oacute;n de la personer&iacute;a jur&iacute;dica en la provincia. En la actualidad la organizaci&oacute;n que tiene [&hellip;]<\/p>\n","protected":false},"author":2,"featured_media":6137,"comment_status":"open","ping_status":"open","sticky":false,"template":"","format":"standard","meta":{"footnotes":""},"categories":[11,4],"tags":[33,2626,2625],"class_list":["post-6136","post","type-post","status-publish","format-standard","has-post-thumbnail","hentry","category-politica","category-provinciales","tag-entre-rios","tag-juan-grabois","tag-patria-grande"],"_links":{"self":[{"href":"https:\/\/impactodenoticias.com.ar\/index.php?rest_route=\/wp\/v2\/posts\/6136","targetHints":{"allow":["GET"]}}],"collection":[{"href":"https:\/\/impactodenoticias.com.ar\/index.php?rest_route=\/wp\/v2\/posts"}],"about":[{"href":"https:\/\/impactodenoticias.com.ar\/index.php?rest_route=\/wp\/v2\/types\/post"}],"author":[{"embeddable":true,"href":"https:\/\/impactodenoticias.com.ar\/index.php?rest_route=\/wp\/v2\/users\/2"}],"replies":[{"embeddable":true,"href":"https:\/\/impactodenoticias.com.ar\/index.php?rest_route=%2Fwp%2Fv2%2Fcomments&post=6136"}],"version-history":[{"count":1,"href":"https:\/\/impactodenoticias.com.ar\/index.php?rest_route=\/wp\/v2\/posts\/6136\/revisions"}],"predecessor-version":[{"id":6138,"href":"https:\/\/impactodenoticias.com.ar\/index.php?rest_route=\/wp\/v2\/posts\/6136\/revisions\/6138"}],"wp:featuredmedia":[{"embeddable":true,"href":"https:\/\/impactodenoticias.com.ar\/index.php?rest_route=\/wp\/v2\/media\/6137"}],"wp:attachment":[{"href":"https:\/\/impactodenoticias.com.ar\/index.php?rest_route=%2Fwp%2Fv2%2Fmedia&parent=6136"}],"wp:term":[{"taxonomy":"category","embeddable":true,"href":"https:\/\/impactodenoticias.com.ar\/index.php?rest_route=%2Fwp%2Fv2%2Fcategories&post=6136"},{"taxonomy":"post_tag","embeddable":true,"href":"https:\/\/impactodenoticias.com.ar\/index.php?rest_route=%2Fwp%2Fv2%2Ftags&post=6136"}],"curies":[{"name":"wp","href":"https:\/\/api.w.org\/{rel}","templated":true}]}}