{"id":616,"date":"2024-06-30T09:09:40","date_gmt":"2024-06-30T12:09:40","guid":{"rendered":"https:\/\/impactodenoticias.com.ar\/?p=616"},"modified":"2024-06-30T09:09:41","modified_gmt":"2024-06-30T12:09:41","slug":"tiempo-en-entre-rios-este-domingo-es-el-dia-mas-frio-en-lo-que-va-del-ano-el-sur-amanecio-con-heledas-en-casi-todas-las-ciudades","status":"publish","type":"post","link":"https:\/\/impactodenoticias.com.ar\/?p=616","title":{"rendered":"Tiempo en Entre R\u00edos: este domingo es el d\u00eda m\u00e1s fr\u00edo en lo que va del a\u00f1o. El sur amaneci\u00f3 con heledas en casi todas las ciudades"},"content":{"rendered":"\n<p><strong>Este domingo la helada madrugada se hizo sentir en gran parte de la provincia. En el sur entrerriano hubo temperaturas bajo cero. En Paran\u00e1 la sensaci\u00f3n t\u00e9rmica fue de cero grados.<\/strong><\/p>\n\n\n\n<p>El frente fr\u00edo hizo descender las marcas t\u00e9rmicas este domingo hasta sus valores m\u00ednimos en los que va del a\u00f1o en varias ciudades entrerrianas. Se registraron marcas bajo cero desde la madrugada en la zona sur de la provincia.<\/p>\n\n\n\n<p>El cielo se encuentra totalmente despejado y se mantendr\u00e1 as\u00ed durante la jornada de este domingo en Paran\u00e1 Las temperaturas promedio ser\u00e1n de 1 grado de m\u00ednima , con sensaciones t\u00e9rmicas de cero grados. En tanto, las m\u00e1ximas rondar\u00e1n los 14 grados.<\/p>\n\n\n\n<p>La madrugada g\u00e9lida se sinti\u00f3 con m\u00e1s fuerza en el sur de la provincia. En Victoria, a las 6 ten\u00eda una temperatura de 1,5 grados bajo cero. A esa misma franja horaria, en Gualeguaych\u00fa hora la t\u00e9rmica era de 0,2 grados.<\/p>\n\n\n\n<p>En el caso de Paran\u00e1, a las 7 el term\u00f3metro marcaba 2,2 grados de temperatura pero la sensaci\u00f3n t\u00e9rmica era de cero grados.<\/p>\n\n\n\n<figure class=\"wp-block-image size-full\"><img loading=\"lazy\" decoding=\"async\" width=\"681\" height=\"557\" src=\"https:\/\/impactodenoticias.com.ar\/wp-content\/uploads\/2024\/06\/scrnli_30_6_2024_9-01-15.png\" alt=\"\" class=\"wp-image-617\" srcset=\"https:\/\/impactodenoticias.com.ar\/wp-content\/uploads\/2024\/06\/scrnli_30_6_2024_9-01-15.png 681w, https:\/\/impactodenoticias.com.ar\/wp-content\/uploads\/2024\/06\/scrnli_30_6_2024_9-01-15-300x245.png 300w\" sizes=\"auto, (max-width: 681px) 100vw, 681px\" \/><\/figure>\n\n\n\n<p><\/p>\n\n\n\n<p><strong>Pron\u00f3stico extendido<\/strong><\/p>\n\n\n\n<p>Lunes : La temperatura m\u00ednima rondar\u00eda los 4 grados y la m\u00e1xima estar\u00eda en el orden de los 16 grados. El cielo permanecer\u00e1 despejado durante la ma\u00f1ana y con nubosidad variable durante la tarde y noche. El viento soplar\u00e1 en sentido norte con rotaci\u00f3n a noroeste.<\/p>\n\n\n\n<p>Martes : se aguarda un leve aumento de temperatura con promedios de 7 grados de m\u00ednima y 16 grados de m\u00e1xima. El cielo permanecer\u00e1 despejado durante todo el d\u00eda. Los vientos soplar\u00e1n del norte.<\/p>\n\n\n\n<p>Mi\u00e9rcoles: se pronostica un cielo algo nublado durante toda la jornada y temperaturas en el orden de los 9 grados de m\u00ednima promedio y los 17 grados de m\u00e1xima. Los vientos predominar\u00e1n del este.<\/p>\n\n\n\n<p>Jueves : la temperatura m\u00ednima ser\u00eda de 4 grados mientras que la m\u00e1xima alcanzar\u00eda los 13 grados. El cielo se presentar\u00e1 con algunas nubes y el viento soplar\u00e1 sureste.<\/p>\n","protected":false},"excerpt":{"rendered":"<p>Este domingo la helada madrugada se hizo sentir en gran parte de la provincia. En el sur entrerriano hubo temperaturas bajo cero. En Paran&aacute; la sensaci&oacute;n t&eacute;rmica fue de cero grados. El frente fr&iacute;o hizo descender las marcas t&eacute;rmicas este domingo hasta sus valores m&iacute;nimos en los que va del a&ntilde;o en varias ciudades entrerrianas. [&hellip;]<\/p>\n","protected":false},"author":2,"featured_media":618,"comment_status":"open","ping_status":"open","sticky":false,"template":"","format":"standard","meta":{"footnotes":""},"categories":[3,4],"tags":[38,33,95],"class_list":["post-616","post","type-post","status-publish","format-standard","has-post-thumbnail","hentry","category-locales","category-provinciales","tag-clima","tag-entre-rios","tag-parana"],"_links":{"self":[{"href":"https:\/\/impactodenoticias.com.ar\/index.php?rest_route=\/wp\/v2\/posts\/616","targetHints":{"allow":["GET"]}}],"collection":[{"href":"https:\/\/impactodenoticias.com.ar\/index.php?rest_route=\/wp\/v2\/posts"}],"about":[{"href":"https:\/\/impactodenoticias.com.ar\/index.php?rest_route=\/wp\/v2\/types\/post"}],"author":[{"embeddable":true,"href":"https:\/\/impactodenoticias.com.ar\/index.php?rest_route=\/wp\/v2\/users\/2"}],"replies":[{"embeddable":true,"href":"https:\/\/impactodenoticias.com.ar\/index.php?rest_route=%2Fwp%2Fv2%2Fcomments&post=616"}],"version-history":[{"count":1,"href":"https:\/\/impactodenoticias.com.ar\/index.php?rest_route=\/wp\/v2\/posts\/616\/revisions"}],"predecessor-version":[{"id":619,"href":"https:\/\/impactodenoticias.com.ar\/index.php?rest_route=\/wp\/v2\/posts\/616\/revisions\/619"}],"wp:featuredmedia":[{"embeddable":true,"href":"https:\/\/impactodenoticias.com.ar\/index.php?rest_route=\/wp\/v2\/media\/618"}],"wp:attachment":[{"href":"https:\/\/impactodenoticias.com.ar\/index.php?rest_route=%2Fwp%2Fv2%2Fmedia&parent=616"}],"wp:term":[{"taxonomy":"category","embeddable":true,"href":"https:\/\/impactodenoticias.com.ar\/index.php?rest_route=%2Fwp%2Fv2%2Fcategories&post=616"},{"taxonomy":"post_tag","embeddable":true,"href":"https:\/\/impactodenoticias.com.ar\/index.php?rest_route=%2Fwp%2Fv2%2Ftags&post=616"}],"curies":[{"name":"wp","href":"https:\/\/api.w.org\/{rel}","templated":true}]}}