{"id":6298,"date":"2024-10-29T08:59:17","date_gmt":"2024-10-29T11:59:17","guid":{"rendered":"https:\/\/impactodenoticias.com.ar\/?p=6298"},"modified":"2024-10-29T08:59:17","modified_gmt":"2024-10-29T11:59:17","slug":"clima-en-entre-rios-pronostican-la-llegada-de-tormentas-para-esta-semana","status":"publish","type":"post","link":"https:\/\/impactodenoticias.com.ar\/?p=6298","title":{"rendered":"Clima en Entre R\u00edos: pronostican la llegada de tormentas para esta semana"},"content":{"rendered":"\n<p class=\"has-medium-font-size\"><strong>El Servicio Meteorol\u00f3gico Nacional anuncia laprobabilidad de lluvias y tormentas, tras varios d\u00edas de sofocante calor en la regi\u00f3n.<\/strong><\/p>\n\n\n\n<p>El Servicio Meteorol\u00f3gico Nacional -SMN- indica para esta semana buen tiempo en Entre R\u00edos, con d\u00edas muy calurosos y registros t\u00e9rmicos m\u00e1ximos por encima de los 30 grados. Sin embargo, los meteor\u00f3logos anuncian la llegada de inestabilidades y probables tormentas para el viernes 1 de noviembre.<\/p>\n\n\n\n<p>Seg\u00fan la informaci\u00f3n brindada por el orgamismo nacional, la probabilidad se ubica entre 10% y 40% tambi\u00e9n para el d\u00eda s\u00e1bado en algunos puntos de la provincia. Se aguarda que las precipitaciones se produzcan durante la ma\u00f1ana o la tarde, no obstante no continuar\u00edan durante el fin de semana pr\u00f3ximo.<\/p>\n\n\n\n<p>Despu\u00e9s de un lunes agradable, se aguarda por un martes muy caluroso en Entre R\u00edos. Las temperaturas en las principales localidades superar\u00e1n los 30 grados, como un nuevo anticipo del verano que se acerca en la regi\u00f3n. As\u00ed estar\u00e1 el tiempo.<\/p>\n\n\n\n<p><\/p>\n\n\n\n<p><strong>Clima en las principales ciudades entrerrianas<\/strong><\/p>\n\n\n\n<p><\/p>\n\n\n\n<figure class=\"wp-block-image size-full\"><img loading=\"lazy\" decoding=\"async\" width=\"678\" height=\"551\" src=\"https:\/\/impactodenoticias.com.ar\/wp-content\/uploads\/2024\/10\/scrnli_eX145vTjie8Vn6.png\" alt=\"\" class=\"wp-image-6299\" srcset=\"https:\/\/impactodenoticias.com.ar\/wp-content\/uploads\/2024\/10\/scrnli_eX145vTjie8Vn6.png 678w, https:\/\/impactodenoticias.com.ar\/wp-content\/uploads\/2024\/10\/scrnli_eX145vTjie8Vn6-300x244.png 300w\" sizes=\"auto, (max-width: 678px) 100vw, 678px\" \/><\/figure>\n\n\n\n<p>En Paran\u00e1 y alrededores se pronostica una m\u00ednima de 17 grados y una m\u00e1xima de 32 grados. En la capital de la provincia y zona de influencia no se esperan lluvias y habr\u00e1 sol toda la jornada.<\/p>\n\n\n\n<p>Mientras que en Concordia, se prevee una m\u00ednima de 16 grados y una m\u00e1xima de 31 grados. Al igual que Paran\u00e1, no llover\u00e1 y habr\u00e1 cielo despeajdo.<\/p>\n\n\n\n<p>En Gualeguaych\u00fa, se espera una jornada muy agradable, con 30 grados y cielo ligeramente nublado.<\/p>\n","protected":false},"excerpt":{"rendered":"<p>El Servicio Meteorol&oacute;gico Nacional anuncia laprobabilidad de lluvias y tormentas, tras varios d&iacute;as de sofocante calor en la regi&oacute;n. El Servicio Meteorol&oacute;gico Nacional -SMN- indica para esta semana buen tiempo en Entre R&iacute;os, con d&iacute;as muy calurosos y registros t&eacute;rmicos m&aacute;ximos por encima de los 30 grados. Sin embargo, los meteor&oacute;logos anuncian la llegada de [&hellip;]<\/p>\n","protected":false},"author":2,"featured_media":6300,"comment_status":"open","ping_status":"open","sticky":false,"template":"","format":"standard","meta":{"footnotes":""},"categories":[4,49],"tags":[38,33],"class_list":["post-6298","post","type-post","status-publish","format-standard","has-post-thumbnail","hentry","category-provinciales","category-sociedad","tag-clima","tag-entre-rios"],"_links":{"self":[{"href":"https:\/\/impactodenoticias.com.ar\/index.php?rest_route=\/wp\/v2\/posts\/6298","targetHints":{"allow":["GET"]}}],"collection":[{"href":"https:\/\/impactodenoticias.com.ar\/index.php?rest_route=\/wp\/v2\/posts"}],"about":[{"href":"https:\/\/impactodenoticias.com.ar\/index.php?rest_route=\/wp\/v2\/types\/post"}],"author":[{"embeddable":true,"href":"https:\/\/impactodenoticias.com.ar\/index.php?rest_route=\/wp\/v2\/users\/2"}],"replies":[{"embeddable":true,"href":"https:\/\/impactodenoticias.com.ar\/index.php?rest_route=%2Fwp%2Fv2%2Fcomments&post=6298"}],"version-history":[{"count":1,"href":"https:\/\/impactodenoticias.com.ar\/index.php?rest_route=\/wp\/v2\/posts\/6298\/revisions"}],"predecessor-version":[{"id":6301,"href":"https:\/\/impactodenoticias.com.ar\/index.php?rest_route=\/wp\/v2\/posts\/6298\/revisions\/6301"}],"wp:featuredmedia":[{"embeddable":true,"href":"https:\/\/impactodenoticias.com.ar\/index.php?rest_route=\/wp\/v2\/media\/6300"}],"wp:attachment":[{"href":"https:\/\/impactodenoticias.com.ar\/index.php?rest_route=%2Fwp%2Fv2%2Fmedia&parent=6298"}],"wp:term":[{"taxonomy":"category","embeddable":true,"href":"https:\/\/impactodenoticias.com.ar\/index.php?rest_route=%2Fwp%2Fv2%2Fcategories&post=6298"},{"taxonomy":"post_tag","embeddable":true,"href":"https:\/\/impactodenoticias.com.ar\/index.php?rest_route=%2Fwp%2Fv2%2Ftags&post=6298"}],"curies":[{"name":"wp","href":"https:\/\/api.w.org\/{rel}","templated":true}]}}