{"id":6302,"date":"2024-10-29T09:14:34","date_gmt":"2024-10-29T12:14:34","guid":{"rendered":"https:\/\/impactodenoticias.com.ar\/?p=6302"},"modified":"2024-11-01T14:51:58","modified_gmt":"2024-11-01T17:51:58","slug":"vialidad-provincial-descontento-de-rafael-cavagna-por-la-posible-designacion-de-daniel-koch","status":"publish","type":"post","link":"https:\/\/impactodenoticias.com.ar\/?p=6302","title":{"rendered":"Vialidad Provincial: descontento de Rafael Cavagna por la posible designaci\u00f3n de Daniel Koch"},"content":{"rendered":"\n<p class=\"has-medium-font-size\"><strong>Impacto de Noticias, supo de el enojo del actual senador Rafael Cavagna por la presunta designaci\u00f3n de Daniel Koch en Vialidad de la Provincia.<\/strong><\/p>\n\n\n\n<p>Como era de esperarse y tras la tensa relaci\u00f3n que hubo entre ambos, cuando Cavagna era intendente de la ciudad de Nogoy\u00e1 y Daniel Koch se desempe\u00f1aba como Jefe del distrito Entre R\u00edos de Vialidad Nacional, hoy tras los rumores que indicar\u00edan que Koch ingresar\u00eda a Vialidad Provincia, Cavagna hizo p\u00fablico su enojo con el gobernador Rogelio Frigerio y la vice gobernadora Alicia Aluani.<\/p>\n\n\n\n<p><\/p>\n\n\n\n<figure class=\"wp-block-image size-large\"><img loading=\"lazy\" decoding=\"async\" width=\"1024\" height=\"583\" src=\"https:\/\/impactodenoticias.com.ar\/wp-content\/uploads\/2024\/10\/WhatsApp-Image-2024-10-29-at-08.26.52-5-1024x583.jpeg\" alt=\"\" class=\"wp-image-6312\" srcset=\"https:\/\/impactodenoticias.com.ar\/wp-content\/uploads\/2024\/10\/WhatsApp-Image-2024-10-29-at-08.26.52-5-1024x583.jpeg 1024w, https:\/\/impactodenoticias.com.ar\/wp-content\/uploads\/2024\/10\/WhatsApp-Image-2024-10-29-at-08.26.52-5-300x171.jpeg 300w, https:\/\/impactodenoticias.com.ar\/wp-content\/uploads\/2024\/10\/WhatsApp-Image-2024-10-29-at-08.26.52-5-768x437.jpeg 768w, https:\/\/impactodenoticias.com.ar\/wp-content\/uploads\/2024\/10\/WhatsApp-Image-2024-10-29-at-08.26.52-5.jpeg 1080w\" sizes=\"auto, (max-width: 1024px) 100vw, 1024px\" \/><\/figure>\n\n\n\n<p><\/p>\n\n\n\n<p>En un posteo expres\u00f3 su disconformidad y descontento con el gobernador y la vice gobernadora de concretarse esta designaci\u00f3n.<\/p>\n\n\n\n<p>Este medio supo que Frigerio ya habr\u00eda citado al senador, para conversar sobre este espinoso tema.<\/p>\n\n\n\n<p>Noticia en desarrollo<\/p>\n","protected":false},"excerpt":{"rendered":"<p>Impacto de Noticias, supo de el enojo del actual senador Rafael Cavagna por la presunta designaci&oacute;n de Daniel Koch en Vialidad de la Provincia. Como era de esperarse y tras la tensa relaci&oacute;n que hubo entre ambos, cuando Cavagna era intendente de la ciudad de Nogoy&aacute; y Daniel Koch se desempe&ntilde;aba como Jefe del distrito [&hellip;]<\/p>\n","protected":false},"author":2,"featured_media":6304,"comment_status":"open","ping_status":"open","sticky":false,"template":"","format":"standard","meta":{"footnotes":""},"categories":[11,4],"tags":[287,2680,595,39],"class_list":["post-6302","post","type-post","status-publish","format-standard","has-post-thumbnail","hentry","category-politica","category-provinciales","tag-alicia-aluani","tag-daniel-koch","tag-rafael-cavagna","tag-rogelio-frigerio"],"_links":{"self":[{"href":"https:\/\/impactodenoticias.com.ar\/index.php?rest_route=\/wp\/v2\/posts\/6302","targetHints":{"allow":["GET"]}}],"collection":[{"href":"https:\/\/impactodenoticias.com.ar\/index.php?rest_route=\/wp\/v2\/posts"}],"about":[{"href":"https:\/\/impactodenoticias.com.ar\/index.php?rest_route=\/wp\/v2\/types\/post"}],"author":[{"embeddable":true,"href":"https:\/\/impactodenoticias.com.ar\/index.php?rest_route=\/wp\/v2\/users\/2"}],"replies":[{"embeddable":true,"href":"https:\/\/impactodenoticias.com.ar\/index.php?rest_route=%2Fwp%2Fv2%2Fcomments&post=6302"}],"version-history":[{"count":3,"href":"https:\/\/impactodenoticias.com.ar\/index.php?rest_route=\/wp\/v2\/posts\/6302\/revisions"}],"predecessor-version":[{"id":6313,"href":"https:\/\/impactodenoticias.com.ar\/index.php?rest_route=\/wp\/v2\/posts\/6302\/revisions\/6313"}],"wp:featuredmedia":[{"embeddable":true,"href":"https:\/\/impactodenoticias.com.ar\/index.php?rest_route=\/wp\/v2\/media\/6304"}],"wp:attachment":[{"href":"https:\/\/impactodenoticias.com.ar\/index.php?rest_route=%2Fwp%2Fv2%2Fmedia&parent=6302"}],"wp:term":[{"taxonomy":"category","embeddable":true,"href":"https:\/\/impactodenoticias.com.ar\/index.php?rest_route=%2Fwp%2Fv2%2Fcategories&post=6302"},{"taxonomy":"post_tag","embeddable":true,"href":"https:\/\/impactodenoticias.com.ar\/index.php?rest_route=%2Fwp%2Fv2%2Ftags&post=6302"}],"curies":[{"name":"wp","href":"https:\/\/api.w.org\/{rel}","templated":true}]}}