{"id":633,"date":"2024-06-30T11:18:46","date_gmt":"2024-06-30T14:18:46","guid":{"rendered":"https:\/\/impactodenoticias.com.ar\/?p=633"},"modified":"2024-06-30T13:23:01","modified_gmt":"2024-06-30T16:23:01","slug":"parana-arrestaron-a-un-violento-joven-que-irrumpio-en-la-casa-de-su-expareja","status":"publish","type":"post","link":"https:\/\/impactodenoticias.com.ar\/?p=633","title":{"rendered":"Paran\u00e1: arrestaron a un violento joven que irrumpi\u00f3 en la casa de su expareja"},"content":{"rendered":"\n<p><strong>Se trata de un violento joven de 23 a\u00f1os, sobre quien pesa una restricci\u00f3n de acercamiento. Su expareja debi\u00f3 pedir ayuda a su madre que vive cerca de su casa.<\/strong><\/p>\n\n\n\n<p>El personal policial de Comisar\u00eda 14\u00b0 en Paran\u00e1 fue solicitado a las 04.30 de la madrugada de este domingo en calle La Tararira, antes de calle La Vieja del Agua, por una denuncia por violencia de g\u00e9nero.<\/p>\n\n\n\n<p>Una vez que se presentaron en la vivienda se entrevistaron con la v\u00edctima, una joven mujer 24 a\u00f1os, quien los puso en conocimiento que se hab\u00eda hecho presente en su domicilio su expareja mientras se encontraba durmiendo.<\/p>\n\n\n\n<p>Asimismo, la joven cont\u00f3 que el sujeto presenta medidas de restricciones vigentes por Violencia de G\u00e9nero y no quer\u00eda retirarse, adem\u00e1s de realizar todo tipo de disturbios dentro de la casa.<\/p>\n\n\n\n<p>La joven cont\u00f3 adem\u00e1s que tuvo que llamar a su madre que vive cerca de su casa, porque el sujeto se encontraba fuera de s\u00ed, mientras daban aviso a la Polic\u00eda.<\/p>\n\n\n\n<p>Cuando los efectivos se hicieron presentes, el violento ya no se encontraba en el domicilio pero fue localizado a una cuadra de la vivienda, donde fue demorado e identificado.<\/p>\n\n\n\n<p>Se corrobor\u00f3 que presentaba medidas de restricciones vigentes, por lo que se lo puso a disposici\u00f3n de la Justicia, que dispuso que quedara alojado en Alcaid\u00eda por Desobediencia Judicial.<\/p>\n\n\n\n<p><\/p>\n\n\n\n<figure class=\"wp-block-image size-large\"><img loading=\"lazy\" decoding=\"async\" width=\"1024\" height=\"713\" src=\"https:\/\/impactodenoticias.com.ar\/wp-content\/uploads\/2024\/06\/Agregar-un-titulo-2-1-1-1024x713.png\" alt=\"\" class=\"wp-image-641\" srcset=\"https:\/\/impactodenoticias.com.ar\/wp-content\/uploads\/2024\/06\/Agregar-un-titulo-2-1-1-1024x713.png 1024w, https:\/\/impactodenoticias.com.ar\/wp-content\/uploads\/2024\/06\/Agregar-un-titulo-2-1-1-300x209.png 300w, https:\/\/impactodenoticias.com.ar\/wp-content\/uploads\/2024\/06\/Agregar-un-titulo-2-1-1-768x535.png 768w, https:\/\/impactodenoticias.com.ar\/wp-content\/uploads\/2024\/06\/Agregar-un-titulo-2-1-1-1536x1070.png 1536w, https:\/\/impactodenoticias.com.ar\/wp-content\/uploads\/2024\/06\/Agregar-un-titulo-2-1-1.png 1983w\" sizes=\"auto, (max-width: 1024px) 100vw, 1024px\" \/><\/figure>\n","protected":false},"excerpt":{"rendered":"<p>Se trata de un violento joven de 23 a&ntilde;os, sobre quien pesa una restricci&oacute;n de acercamiento. Su expareja debi&oacute; pedir ayuda a su madre que vive cerca de su casa. El personal policial de Comisar&iacute;a 14&deg; en Paran&aacute; fue solicitado a las 04.30 de la madrugada de este domingo en calle La Tararira, antes de [&hellip;]<\/p>\n","protected":false},"author":2,"featured_media":635,"comment_status":"open","ping_status":"open","sticky":false,"template":"","format":"standard","meta":{"footnotes":""},"categories":[3,8],"tags":[175,95,118,277],"class_list":["post-633","post","type-post","status-publish","format-standard","has-post-thumbnail","hentry","category-locales","category-policiales","tag-detenido","tag-parana","tag-policiales","tag-violento"],"_links":{"self":[{"href":"https:\/\/impactodenoticias.com.ar\/index.php?rest_route=\/wp\/v2\/posts\/633","targetHints":{"allow":["GET"]}}],"collection":[{"href":"https:\/\/impactodenoticias.com.ar\/index.php?rest_route=\/wp\/v2\/posts"}],"about":[{"href":"https:\/\/impactodenoticias.com.ar\/index.php?rest_route=\/wp\/v2\/types\/post"}],"author":[{"embeddable":true,"href":"https:\/\/impactodenoticias.com.ar\/index.php?rest_route=\/wp\/v2\/users\/2"}],"replies":[{"embeddable":true,"href":"https:\/\/impactodenoticias.com.ar\/index.php?rest_route=%2Fwp%2Fv2%2Fcomments&post=633"}],"version-history":[{"count":3,"href":"https:\/\/impactodenoticias.com.ar\/index.php?rest_route=\/wp\/v2\/posts\/633\/revisions"}],"predecessor-version":[{"id":642,"href":"https:\/\/impactodenoticias.com.ar\/index.php?rest_route=\/wp\/v2\/posts\/633\/revisions\/642"}],"wp:featuredmedia":[{"embeddable":true,"href":"https:\/\/impactodenoticias.com.ar\/index.php?rest_route=\/wp\/v2\/media\/635"}],"wp:attachment":[{"href":"https:\/\/impactodenoticias.com.ar\/index.php?rest_route=%2Fwp%2Fv2%2Fmedia&parent=633"}],"wp:term":[{"taxonomy":"category","embeddable":true,"href":"https:\/\/impactodenoticias.com.ar\/index.php?rest_route=%2Fwp%2Fv2%2Fcategories&post=633"},{"taxonomy":"post_tag","embeddable":true,"href":"https:\/\/impactodenoticias.com.ar\/index.php?rest_route=%2Fwp%2Fv2%2Ftags&post=633"}],"curies":[{"name":"wp","href":"https:\/\/api.w.org\/{rel}","templated":true}]}}