{"id":6341,"date":"2024-10-29T18:42:23","date_gmt":"2024-10-29T21:42:23","guid":{"rendered":"https:\/\/impactodenoticias.com.ar\/?p=6341"},"modified":"2024-11-01T14:51:28","modified_gmt":"2024-11-01T17:51:28","slug":"paro-de-transporte-de-la-cgt-en-entre-rios-como-funcionaran-trenes-aviones-y-camiones","status":"publish","type":"post","link":"https:\/\/impactodenoticias.com.ar\/?p=6341","title":{"rendered":"Paro de transporte de la CGT en Entre R\u00edos: c\u00f3mo funcionar\u00e1n trenes, aviones y camiones"},"content":{"rendered":"\n<h3 class=\"wp-block-heading\">El cotitular de la Confederaci\u00f3n General del Trabajo (CGT), Pablo Moyano, y el secretario general de Camioneros, Hugo Moyano, confirmaron la \u00faltima semana, tras la reuni\u00f3n de sindicatos del transporte, el paro anunciado para este mi\u00e9rcoles 30 de octubre.<\/h3>\n\n\n\n<p>La medida de fuerza afectar\u00e1 a casi todo el sector, a excepci\u00f3n de los colectivos que circular\u00e1n con normalidad debido a que la UTA decidi\u00f3 no adherir, aunque s\u00ed har\u00e1 una huelga al d\u00eda siguiente.<\/p>\n\n\n\n<p>El paro nacional es en reclamo contra \u201cel ajuste impulsado por el gobierno de Javier Milei, el aumento de los boletos tras la quita de subsidios, el intento de privatizaci\u00f3n de Aerol\u00edneas Argentinas, el ataque a los jubilados y en rechazo al aumento de la pobreza\u201d, se dio a conocer en un comunicado.<\/p>\n\n\n\n<p>Se sum\u00f3 al encuentro el secretario general del sindicato de empleados estatales ATE, Rodolfo Aguiar, gremio que se sum\u00f3 a la protesta con una medida de fuerza propia de 36 horas que se inici\u00f3 este martes 29 de octubre con una movilizaci\u00f3n y continuar\u00e1 este mi\u00e9rcoles adhiriendo al paro del transporte.<\/p>\n\n\n\n<p><strong>La medida de fuerza en Entre R\u00edos<\/strong><\/p>\n\n\n\n<p>La medida de fuerza dictada para todo el pa\u00eds se llevar\u00e1 a cabo en la provincia. Habr\u00e1 servicios que no funcionar\u00e1n y esta situaci\u00f3nn afectar\u00e1 la din\u00e1mica laboral y social de la comunidad y de \u00e1reas productivas.<\/p>\n\n\n\n<p>Desde el gremio La Fraternidad de trenes, informaron que no habr\u00e1 servicio este mi\u00e9rcoles.<\/p>\n\n\n\n<p>Por su parte, fuentes del Aeropuerto de Paran\u00e1 informaron que la base estar\u00e1 activa, con todos sus empleados trabajando y que la medida de fuerza depende de cada compa\u00f1\u00eda. \u201cEl aeropuerto estar\u00e1 operable, ma\u00f1ana, tarde y noche, ya sea para vuelos comerciales o militares. La huelga corre por cuenta de las empresas\u201d, destacaron.<\/p>\n\n\n\n<p>Mientras que desde Camioneros delegaci\u00f3n Entre R\u00edos se han pronunciado oficialmente en sus redes sociales, instando a los afiliados a parar y a manifestarse en la zona del T\u00fanel Subfluvial que une Paran\u00e1 con Santa Fe este mi\u00e9rcoles a partir de las 7.<\/p>\n","protected":false},"excerpt":{"rendered":"<p>El cotitular de la Confederaci&oacute;n General del Trabajo (CGT), Pablo Moyano, y el secretario general de Camioneros, Hugo Moyano, confirmaron la &uacute;ltima semana, tras la reuni&oacute;n de sindicatos del transporte, el paro anunciado para este mi&eacute;rcoles 30 de octubre. La medida de fuerza afectar&aacute; a casi todo el sector, a excepci&oacute;n de los colectivos que [&hellip;]<\/p>\n","protected":false},"author":2,"featured_media":6342,"comment_status":"open","ping_status":"open","sticky":false,"template":"","format":"standard","meta":{"footnotes":""},"categories":[91,11,4],"tags":[510,33,59],"class_list":["post-6341","post","type-post","status-publish","format-standard","has-post-thumbnail","hentry","category-gremiales","category-politica","category-provinciales","tag-cgt","tag-entre-rios","tag-paro"],"_links":{"self":[{"href":"https:\/\/impactodenoticias.com.ar\/index.php?rest_route=\/wp\/v2\/posts\/6341","targetHints":{"allow":["GET"]}}],"collection":[{"href":"https:\/\/impactodenoticias.com.ar\/index.php?rest_route=\/wp\/v2\/posts"}],"about":[{"href":"https:\/\/impactodenoticias.com.ar\/index.php?rest_route=\/wp\/v2\/types\/post"}],"author":[{"embeddable":true,"href":"https:\/\/impactodenoticias.com.ar\/index.php?rest_route=\/wp\/v2\/users\/2"}],"replies":[{"embeddable":true,"href":"https:\/\/impactodenoticias.com.ar\/index.php?rest_route=%2Fwp%2Fv2%2Fcomments&post=6341"}],"version-history":[{"count":1,"href":"https:\/\/impactodenoticias.com.ar\/index.php?rest_route=\/wp\/v2\/posts\/6341\/revisions"}],"predecessor-version":[{"id":6343,"href":"https:\/\/impactodenoticias.com.ar\/index.php?rest_route=\/wp\/v2\/posts\/6341\/revisions\/6343"}],"wp:featuredmedia":[{"embeddable":true,"href":"https:\/\/impactodenoticias.com.ar\/index.php?rest_route=\/wp\/v2\/media\/6342"}],"wp:attachment":[{"href":"https:\/\/impactodenoticias.com.ar\/index.php?rest_route=%2Fwp%2Fv2%2Fmedia&parent=6341"}],"wp:term":[{"taxonomy":"category","embeddable":true,"href":"https:\/\/impactodenoticias.com.ar\/index.php?rest_route=%2Fwp%2Fv2%2Fcategories&post=6341"},{"taxonomy":"post_tag","embeddable":true,"href":"https:\/\/impactodenoticias.com.ar\/index.php?rest_route=%2Fwp%2Fv2%2Ftags&post=6341"}],"curies":[{"name":"wp","href":"https:\/\/api.w.org\/{rel}","templated":true}]}}