{"id":6344,"date":"2024-10-29T18:58:01","date_gmt":"2024-10-29T21:58:01","guid":{"rendered":"https:\/\/impactodenoticias.com.ar\/?p=6344"},"modified":"2024-11-01T14:51:25","modified_gmt":"2024-11-01T17:51:25","slug":"daniel-rossi-presento-un-pedido-de-juicio-politico-a-la-vocal-del-stj-gisela-schumacher","status":"publish","type":"post","link":"https:\/\/impactodenoticias.com.ar\/?p=6344","title":{"rendered":"Daniel Rossi present\u00f3 un pedido de juicio pol\u00edtico a la vocal del STJ Gisela Schumacher"},"content":{"rendered":"\n<h3 class=\"wp-block-heading\">Seg\u00fan se inform\u00f3 a IMPACTO DE NOTICIAS, el pedido del ex vicegoberandor y actual intendente de Santa Elena \u201cse basa en la arbitrariedad de sus sentencias y un cambio radical e injustificado en su postura judicial, lo que ha generado serias dudas sobre la coherencia y previsibilidad de sus decisiones\u201d.<\/h3>\n\n\n\n<p>El pedido de juicio pol\u00edtico que present\u00f3 Daniel Rossi, intendente de Santa Elena y exvicegobernador de Entre R\u00edos, contra la jueza Gisela Schumacher, integrante del Tribunal Superior de Justicia (STJ) de Entre R\u00edos, se fundament\u00f3 \u201cen la arbitrariedad de sus sentencias y un cambio radical e injustificado en su postura judicial, lo que ha generado serias dudas sobre la coherencia y previsibilidad de sus decisiones\u201d.<\/p>\n\n\n\n<p><strong>Los fundamentos<\/strong><\/p>\n\n\n\n<p>En su denuncia, Rossi argument\u00f3 que Schumacher, en dos fallos emitidos con seis meses de diferencia, modific\u00f3 su criterio sin ofrecer una fundaci\u00f3n s\u00f3lida. En abril de 2024, la jueza rechaz\u00f3 un Recurso Extraordinario interpuesto por las defensas de Sergio Urribarri y otros imputados en la denominada Causa Compleja que investig\u00f3 cinco hechos de corrupci\u00f3n que se dirimieron en un solo debate en 2022, \u201cargumentando que no exist\u00edan agravios suficientes para justificar la intervenci\u00f3n de la Corte Suprema. No obstante, en octubre de 2024, en la misma causa, vot\u00f3 a favor de conceder el recurso, se\u00f1alando que exist\u00edan posibles violaciones al debido proceso que ameritaban una revisi\u00f3n\u201d objet\u00f3 el dirigente peronista.<\/p>\n\n\n\n<p>Rossi formul\u00f3 que aquel \u201cviraje en su postura, sin nuevas razones que lo justifican, afecta gravemente los principios de seguridad jur\u00eddica y el debido proceso. Adem\u00e1s, sostuvo que \u201ceste tipo de acciones en el poder judicial responden m\u00e1s a necesidades pol\u00edticas que a una \u00edntima convicci\u00f3n razonada, lo cual mina la confianza p\u00fablica en la imparcialidad judicial\u201d.<\/p>\n\n\n\n<p>La denuncia se present\u00f3 ante la Honorable C\u00e1mara de Diputados de Entre R\u00edos y exige la apertura de un proceso de remoci\u00f3n de Schumacher, enfatizando la gravedad institucional de la situaci\u00f3n. El pedido se basa en la doctrina de la Corte Suprema de Justicia de la Naci\u00f3n y en la jurisprudencia internacional que considera la arbitrariedad judicial como una violaci\u00f3n de los derechos fundamentales.<\/p>\n\n\n\n<p>Desde el entorno del denunciante, se precis\u00f3 que \u201ceste caso pone nuevamente en foco la tensi\u00f3n entre la pol\u00edtica y la justicia en la provincia, y Rossi, conocido por su larga trayectoria pol\u00edtica, busca que se tome acci\u00f3n contra lo que considera un mal desempe\u00f1o\u201d. de la magistrada\u201d.<\/p>\n","protected":false},"excerpt":{"rendered":"<p>Seg&uacute;n se inform&oacute; a IMPACTO DE NOTICIAS, el pedido del ex vicegoberandor y actual intendente de Santa Elena &ldquo;se basa en la arbitrariedad de sus sentencias y un cambio radical e injustificado en su postura judicial, lo que ha generado serias dudas sobre la coherencia y previsibilidad de sus decisiones&rdquo;. El pedido de juicio pol&iacute;tico [&hellip;]<\/p>\n","protected":false},"author":2,"featured_media":6345,"comment_status":"open","ping_status":"open","sticky":false,"template":"","format":"standard","meta":{"footnotes":""},"categories":[11,4],"tags":[620,2698,1350,1719],"class_list":["post-6344","post","type-post","status-publish","format-standard","has-post-thumbnail","hentry","category-politica","category-provinciales","tag-daniel-rossi","tag-gisela-schumacher","tag-juicio","tag-politico"],"_links":{"self":[{"href":"https:\/\/impactodenoticias.com.ar\/index.php?rest_route=\/wp\/v2\/posts\/6344","targetHints":{"allow":["GET"]}}],"collection":[{"href":"https:\/\/impactodenoticias.com.ar\/index.php?rest_route=\/wp\/v2\/posts"}],"about":[{"href":"https:\/\/impactodenoticias.com.ar\/index.php?rest_route=\/wp\/v2\/types\/post"}],"author":[{"embeddable":true,"href":"https:\/\/impactodenoticias.com.ar\/index.php?rest_route=\/wp\/v2\/users\/2"}],"replies":[{"embeddable":true,"href":"https:\/\/impactodenoticias.com.ar\/index.php?rest_route=%2Fwp%2Fv2%2Fcomments&post=6344"}],"version-history":[{"count":1,"href":"https:\/\/impactodenoticias.com.ar\/index.php?rest_route=\/wp\/v2\/posts\/6344\/revisions"}],"predecessor-version":[{"id":6346,"href":"https:\/\/impactodenoticias.com.ar\/index.php?rest_route=\/wp\/v2\/posts\/6344\/revisions\/6346"}],"wp:featuredmedia":[{"embeddable":true,"href":"https:\/\/impactodenoticias.com.ar\/index.php?rest_route=\/wp\/v2\/media\/6345"}],"wp:attachment":[{"href":"https:\/\/impactodenoticias.com.ar\/index.php?rest_route=%2Fwp%2Fv2%2Fmedia&parent=6344"}],"wp:term":[{"taxonomy":"category","embeddable":true,"href":"https:\/\/impactodenoticias.com.ar\/index.php?rest_route=%2Fwp%2Fv2%2Fcategories&post=6344"},{"taxonomy":"post_tag","embeddable":true,"href":"https:\/\/impactodenoticias.com.ar\/index.php?rest_route=%2Fwp%2Fv2%2Ftags&post=6344"}],"curies":[{"name":"wp","href":"https:\/\/api.w.org\/{rel}","templated":true}]}}