{"id":6347,"date":"2024-10-30T10:02:58","date_gmt":"2024-10-30T13:02:58","guid":{"rendered":"https:\/\/impactodenoticias.com.ar\/?p=6347"},"modified":"2024-11-01T14:51:20","modified_gmt":"2024-11-01T17:51:20","slug":"reunion-frigerio-con-milei-me-llama-la-atencion-este-silencio-porque-siempre-vuelve-lleno-de-optimismo-expreso-caceres","status":"publish","type":"post","link":"https:\/\/impactodenoticias.com.ar\/?p=6347","title":{"rendered":"Reuni\u00f3n Frigerio con Milei: \u201cMe llama la atenci\u00f3n este silencio porque siempre vuelve lleno de optimismo\u201d, expres\u00f3 C\u00e1ceres."},"content":{"rendered":"\n<h3 class=\"wp-block-heading\">El presidente del Consejo Provincial del Partido Justicialista, Jos\u00e9 C\u00e1ceres, cuestion\u00f3 al gobernador no informar p\u00fablicamente qu\u00e9 ocurri\u00f3 en la reuni\u00f3n que junto a otros mandatarios \u00abdialogistas\u00bb mantuvo el jueves con Milei.<\/h3>\n\n\n\n<p>En su cuenta de X, el ex vicegobernador se pregunt\u00f3 en sus redes sociales sobre lo sucedido en el c\u00f3ncluve que el presidente Javier Milei mantuvo el jueves pasado con el gobernador Frigerio y con mandatarios provinciales.<\/p>\n\n\n\n<p><\/p>\n\n\n\n<blockquote class=\"twitter-tweet\"><p lang=\"es\" dir=\"ltr\">Pasaron cuatro d\u00edas desde que el gobernador Frigerio se reuni\u00f3 con Milei en Casa Rosada, junto a otros mandatarios del PRO, y la verdad que me qued\u00e9 esperando las declaraciones, que nos informe el resultado de esa reuni\u00f3n tan importante para la provincia<\/p>&mdash; Jos\u00e9 Orlando C\u00e1ceres (@JoseCaceresER) <a href=\"https:\/\/twitter.com\/JoseCaceresER\/status\/1851036628778680510?ref_src=twsrc%5Etfw\">October 28, 2024<\/a><\/blockquote> <script async src=\"https:\/\/platform.twitter.com\/widgets.js\" charset=\"utf-8\"><\/script>\n\n\n\n<p><\/p>\n\n\n\n<p>Trascendi\u00f3 que los gobernadores presnetaron al mandatario nacional reclamos pendientes que tras los duros golpes a las administraciones provinciales. Entre ellos, el financiamiento de las cajas jubilatorias no transferidas, los pagos por compensaciones del Consenso Fiscal 2017 y el pago de la deuda de obras p\u00fablicas transferida a las provincias.<\/p>\n\n\n\n<p>Sin embargo, y m\u00e1s all\u00e1 de estas versiones, no hubo declaraciones oficiales de Frigerio brindando detalles sobre lo que habr\u00eda ocurrido en la reuni\u00f3n, y esto genera el cuestionamiento de Jos\u00e9 C\u00e1ceres, entendiendo que los entrerrianos deber\u00edan saber que pas\u00f3, que beneficios obtuvo el gobernador tras la reuni\u00f3n con el presidente.<\/p>\n\n\n\n<p>\u201cPasaron cuatro d\u00edas desde que el gobernador Frigerio se reuni\u00f3 con Milei en Casa Rosada, junto a otros mandatarios del PRO, y la verdad que me qued\u00f3 esperando las declaraciones, que nos informe el resultado de esa reuni\u00f3n tan importante para la provincia\u201d, apunt\u00f3 el hist\u00f3rico dirigente justicialista.<\/p>\n\n\n\n<p>Y agreg\u00f3: \u201cMe llama atenci\u00f3n la este silencio porque siempre vuelve lleno de optimismo y en esta ocasi\u00f3n hab\u00eda anunciado que le iba a exigir a Naci\u00f3n que nos devuelva lo que nos corresponde, que estaba dispuesto a pelear por los intereses de las y los entrerrianos. . . . \u201d.<\/p>\n\n\n\n<p>\u201dHasta el momento parece que se qued\u00f3 sin palabras, o no hay buenas noticias. Los trascendidos period\u00edsticos est\u00e1n muy bien, pero los ciudadanos necesitan informarse por canales oficiales y escuchar de la voz de su propio gobernador los avances que se est\u00e1n logrando\u201d, ironiz\u00f3.<\/p>\n","protected":false},"excerpt":{"rendered":"<p>El presidente del Consejo Provincial del Partido Justicialista, Jos&eacute; C&aacute;ceres, cuestion&oacute; al gobernador no informar p&uacute;blicamente qu&eacute; ocurri&oacute; en la reuni&oacute;n que junto a otros mandatarios &laquo;dialogistas&raquo; mantuvo el jueves con Milei. En su cuenta de X, el ex vicegobernador se pregunt&oacute; en sus redes sociales sobre lo sucedido en el c&oacute;ncluve que el presidente [&hellip;]<\/p>\n","protected":false},"author":2,"featured_media":6348,"comment_status":"open","ping_status":"open","sticky":false,"template":"","format":"standard","meta":{"footnotes":""},"categories":[11,4],"tags":[212,506,310,39],"class_list":["post-6347","post","type-post","status-publish","format-standard","has-post-thumbnail","hentry","category-politica","category-provinciales","tag-javier-milei","tag-jose-caceres","tag-reunion","tag-rogelio-frigerio"],"_links":{"self":[{"href":"https:\/\/impactodenoticias.com.ar\/index.php?rest_route=\/wp\/v2\/posts\/6347","targetHints":{"allow":["GET"]}}],"collection":[{"href":"https:\/\/impactodenoticias.com.ar\/index.php?rest_route=\/wp\/v2\/posts"}],"about":[{"href":"https:\/\/impactodenoticias.com.ar\/index.php?rest_route=\/wp\/v2\/types\/post"}],"author":[{"embeddable":true,"href":"https:\/\/impactodenoticias.com.ar\/index.php?rest_route=\/wp\/v2\/users\/2"}],"replies":[{"embeddable":true,"href":"https:\/\/impactodenoticias.com.ar\/index.php?rest_route=%2Fwp%2Fv2%2Fcomments&post=6347"}],"version-history":[{"count":1,"href":"https:\/\/impactodenoticias.com.ar\/index.php?rest_route=\/wp\/v2\/posts\/6347\/revisions"}],"predecessor-version":[{"id":6349,"href":"https:\/\/impactodenoticias.com.ar\/index.php?rest_route=\/wp\/v2\/posts\/6347\/revisions\/6349"}],"wp:featuredmedia":[{"embeddable":true,"href":"https:\/\/impactodenoticias.com.ar\/index.php?rest_route=\/wp\/v2\/media\/6348"}],"wp:attachment":[{"href":"https:\/\/impactodenoticias.com.ar\/index.php?rest_route=%2Fwp%2Fv2%2Fmedia&parent=6347"}],"wp:term":[{"taxonomy":"category","embeddable":true,"href":"https:\/\/impactodenoticias.com.ar\/index.php?rest_route=%2Fwp%2Fv2%2Fcategories&post=6347"},{"taxonomy":"post_tag","embeddable":true,"href":"https:\/\/impactodenoticias.com.ar\/index.php?rest_route=%2Fwp%2Fv2%2Ftags&post=6347"}],"curies":[{"name":"wp","href":"https:\/\/api.w.org\/{rel}","templated":true}]}}