{"id":6398,"date":"2024-10-31T08:26:00","date_gmt":"2024-10-31T11:26:00","guid":{"rendered":"https:\/\/impactodenoticias.com.ar\/?p=6398"},"modified":"2024-10-31T08:26:01","modified_gmt":"2024-10-31T11:26:01","slug":"a-41-anos-de-la-primera-intendencia-de-daniel-rossi-una-historia-que-aun-continua","status":"publish","type":"post","link":"https:\/\/impactodenoticias.com.ar\/?p=6398","title":{"rendered":"A 41 a\u00f1os de la primera intendencia de Daniel Rossi: una historia que a\u00fan contin\u00faa"},"content":{"rendered":"\n<p class=\"has-medium-font-size\"><strong>Hace 41 a\u00f1os, Daniel Rossi asumi\u00f3 por primera vez como intendente de Santa Elena. Desde entonces, su carrera ha sido una verdadera saga en la pol\u00edtica de Entre R\u00edos, marcando una presencia continua y activa en la vida p\u00fablica de la provincia. Rossi no solo se ha enfrentado en las urnas en m\u00faltiples ocasiones, sino que ha transformado esos momentos en hitos que redefinen la pol\u00edtica local y provincial.<\/strong><\/p>\n\n\n\n<p>Con siete elecciones locales, donde ha competido y ganado el apoyo popular, Rossi ha sabido resistir y enfrentar desaf\u00edos que pocos pol\u00edticos habr\u00edan soportado. Su lucha incluye la superaci\u00f3n de obst\u00e1culos judiciales, enfrentamientos con el poder pol\u00edtico y periodos de asedio que han buscado mermar su influencia. En un contexto de crisis y disputas, ha logrado mantener su liderazgo en Santa Elena y consolidarse como una figura emblem\u00e1tica.<\/p>\n\n\n\n<p>En el \u00e1mbito provincial, Rossi tambi\u00e9n dej\u00f3 su huella. Desde sus inicios en el Partido Justicialista, enfrentando incluso a figuras de peso dentro de su propio partido, hasta su participaci\u00f3n en una hist\u00f3rica elecci\u00f3n como vicegobernador, Rossi demostr\u00f3 que su capacidad de convocatoria va m\u00e1s all\u00e1 de su ciudad natal. Incluso en el \u00e1mbito de las internas y las legislativas, ha demostrado un arraigo popular que resiste el tiempo y las dificultades. Su fortaleza en las urnas ha sido el resultado de una gesti\u00f3n basada en obras concretas y en la cercan\u00eda con los ciudadanos, sin recurrir al clientelismo que tantos otros han usado para sostenerse.<\/p>\n\n\n\n<p>Lo que hace especial a esta historia es que Rossi, lejos de conformarse con los logros del pasado, sigue siendo un actor clave en la pol\u00edtica de Entre R\u00edos. Su experiencia y legado no solo se ven en las urnas, sino en su capacidad para continuar marcando la agenda pol\u00edtica. Con una trayectoria que a\u00fan no tiene fecha de cierre, su participaci\u00f3n sigue vigente, inspirando a nuevas generaciones y desafiando los l\u00edmites del sistema pol\u00edtico provincial.<\/p>\n\n\n\n<p>En definitiva, Daniel Rossi es un nombre que seguir\u00e1 escribi\u00e9ndose en la historia de Santa Elena y de Entre R\u00edos. Su legado es el de una vida dedicada al servicio p\u00fablico, en la que la resiliencia, el compromiso y la convicci\u00f3n han sido la constante. As\u00ed, 41 a\u00f1os despu\u00e9s de aquel primer mandato, la historia contin\u00faa, y parece que Rossi a\u00fan tiene mucho m\u00e1s que ofrecer a la vida pol\u00edtica provincial.<\/p>\n","protected":false},"excerpt":{"rendered":"<p>Hace 41 a&ntilde;os, Daniel Rossi asumi&oacute; por primera vez como intendente de Santa Elena. Desde entonces, su carrera ha sido una verdadera saga en la pol&iacute;tica de Entre R&iacute;os, marcando una presencia continua y activa en la vida p&uacute;blica de la provincia. Rossi no solo se ha enfrentado en las urnas en m&uacute;ltiples ocasiones, sino [&hellip;]<\/p>\n","protected":false},"author":2,"featured_media":6399,"comment_status":"open","ping_status":"open","sticky":false,"template":"","format":"standard","meta":{"footnotes":""},"categories":[11,4],"tags":[620,33,2712],"class_list":["post-6398","post","type-post","status-publish","format-standard","has-post-thumbnail","hentry","category-politica","category-provinciales","tag-daniel-rossi","tag-entre-rios","tag-intendencia"],"_links":{"self":[{"href":"https:\/\/impactodenoticias.com.ar\/index.php?rest_route=\/wp\/v2\/posts\/6398","targetHints":{"allow":["GET"]}}],"collection":[{"href":"https:\/\/impactodenoticias.com.ar\/index.php?rest_route=\/wp\/v2\/posts"}],"about":[{"href":"https:\/\/impactodenoticias.com.ar\/index.php?rest_route=\/wp\/v2\/types\/post"}],"author":[{"embeddable":true,"href":"https:\/\/impactodenoticias.com.ar\/index.php?rest_route=\/wp\/v2\/users\/2"}],"replies":[{"embeddable":true,"href":"https:\/\/impactodenoticias.com.ar\/index.php?rest_route=%2Fwp%2Fv2%2Fcomments&post=6398"}],"version-history":[{"count":1,"href":"https:\/\/impactodenoticias.com.ar\/index.php?rest_route=\/wp\/v2\/posts\/6398\/revisions"}],"predecessor-version":[{"id":6400,"href":"https:\/\/impactodenoticias.com.ar\/index.php?rest_route=\/wp\/v2\/posts\/6398\/revisions\/6400"}],"wp:featuredmedia":[{"embeddable":true,"href":"https:\/\/impactodenoticias.com.ar\/index.php?rest_route=\/wp\/v2\/media\/6399"}],"wp:attachment":[{"href":"https:\/\/impactodenoticias.com.ar\/index.php?rest_route=%2Fwp%2Fv2%2Fmedia&parent=6398"}],"wp:term":[{"taxonomy":"category","embeddable":true,"href":"https:\/\/impactodenoticias.com.ar\/index.php?rest_route=%2Fwp%2Fv2%2Fcategories&post=6398"},{"taxonomy":"post_tag","embeddable":true,"href":"https:\/\/impactodenoticias.com.ar\/index.php?rest_route=%2Fwp%2Fv2%2Ftags&post=6398"}],"curies":[{"name":"wp","href":"https:\/\/api.w.org\/{rel}","templated":true}]}}