{"id":6419,"date":"2024-10-31T11:19:21","date_gmt":"2024-10-31T14:19:21","guid":{"rendered":"https:\/\/impactodenoticias.com.ar\/?p=6419"},"modified":"2024-10-31T11:19:22","modified_gmt":"2024-10-31T14:19:22","slug":"oro-verde-un-joven-conductor-fue-hospitalizado-tras-chocar-con-un-colectivo","status":"publish","type":"post","link":"https:\/\/impactodenoticias.com.ar\/?p=6419","title":{"rendered":"Oro Verde: un joven conductor fue hospitalizado tras chocar con un colectivo"},"content":{"rendered":"\n<h3 class=\"wp-block-heading\">El siniestro vial se produjo este mi\u00e9rcoles de la tarde noche en la zona del Triangular de Oro Verde. El conductor del Fiat Spazio fue trasladado al Hospital San Mart\u00edn.<\/h3>\n\n\n\n<p>El conductor de un autom\u00f3vil tuvo que ser hospitalizado luego de protagonizar un choque contra un colectivo en la zona del triangular de Oro Verde. El accidente vial ocurri\u00f3 este mi\u00e9rcoles de tarde en Camino de la Cuchilla y Las Petunias.<\/p>\n\n\n\n<p>En el lugar se produjo un impactante choque entre un colectivo de la l\u00ednea 6 y un autom\u00f3vil particular. El conductor del auto Fiat Spazio, un joven de 18 a\u00f1os, fue trasladado al Hospital San Mart\u00edn de Paran\u00e1 para su atenci\u00f3n.<\/p>\n\n\n\n<p>El conductor sufri\u00f3 golpes en los brazos y el rostro, por lo que fue derivado al hospital. En tanto, algunos de los pasajeros del colectivo sufrieron algunos leves golpes, afortunadamente sin revestir gravedad.<\/p>\n","protected":false},"excerpt":{"rendered":"<p>El siniestro vial se produjo este mi&eacute;rcoles de la tarde noche en la zona del Triangular de Oro Verde. El conductor del Fiat Spazio fue trasladado al Hospital San Mart&iacute;n. El conductor de un autom&oacute;vil tuvo que ser hospitalizado luego de protagonizar un choque contra un colectivo en la zona del triangular de Oro Verde. [&hellip;]<\/p>\n","protected":false},"author":2,"featured_media":6420,"comment_status":"open","ping_status":"open","sticky":false,"template":"","format":"standard","meta":{"footnotes":""},"categories":[3,8],"tags":[507,652,482,389,722],"class_list":["post-6419","post","type-post","status-publish","format-standard","has-post-thumbnail","hentry","category-locales","category-policiales","tag-auto","tag-choque","tag-colectivo","tag-herido","tag-oro-verde"],"_links":{"self":[{"href":"https:\/\/impactodenoticias.com.ar\/index.php?rest_route=\/wp\/v2\/posts\/6419","targetHints":{"allow":["GET"]}}],"collection":[{"href":"https:\/\/impactodenoticias.com.ar\/index.php?rest_route=\/wp\/v2\/posts"}],"about":[{"href":"https:\/\/impactodenoticias.com.ar\/index.php?rest_route=\/wp\/v2\/types\/post"}],"author":[{"embeddable":true,"href":"https:\/\/impactodenoticias.com.ar\/index.php?rest_route=\/wp\/v2\/users\/2"}],"replies":[{"embeddable":true,"href":"https:\/\/impactodenoticias.com.ar\/index.php?rest_route=%2Fwp%2Fv2%2Fcomments&post=6419"}],"version-history":[{"count":1,"href":"https:\/\/impactodenoticias.com.ar\/index.php?rest_route=\/wp\/v2\/posts\/6419\/revisions"}],"predecessor-version":[{"id":6421,"href":"https:\/\/impactodenoticias.com.ar\/index.php?rest_route=\/wp\/v2\/posts\/6419\/revisions\/6421"}],"wp:featuredmedia":[{"embeddable":true,"href":"https:\/\/impactodenoticias.com.ar\/index.php?rest_route=\/wp\/v2\/media\/6420"}],"wp:attachment":[{"href":"https:\/\/impactodenoticias.com.ar\/index.php?rest_route=%2Fwp%2Fv2%2Fmedia&parent=6419"}],"wp:term":[{"taxonomy":"category","embeddable":true,"href":"https:\/\/impactodenoticias.com.ar\/index.php?rest_route=%2Fwp%2Fv2%2Fcategories&post=6419"},{"taxonomy":"post_tag","embeddable":true,"href":"https:\/\/impactodenoticias.com.ar\/index.php?rest_route=%2Fwp%2Fv2%2Ftags&post=6419"}],"curies":[{"name":"wp","href":"https:\/\/api.w.org\/{rel}","templated":true}]}}