{"id":6425,"date":"2024-10-31T11:38:55","date_gmt":"2024-10-31T14:38:55","guid":{"rendered":"https:\/\/impactodenoticias.com.ar\/?p=6425"},"modified":"2024-11-01T14:50:08","modified_gmt":"2024-11-01T17:50:08","slug":"cristina-recibio-en-el-instituto-patria-a-dirigentes-entrerrianos","status":"publish","type":"post","link":"https:\/\/impactodenoticias.com.ar\/?p=6425","title":{"rendered":"Cristina recibi\u00f3 en el Instituto Patria a dirigentes entrerrianos"},"content":{"rendered":"\n<h3 class=\"wp-block-heading\">La ex presienta Cristina Fern\u00e1ndez de Kirchner recibi\u00f3 a las diputadas nacionales Carolina Gaillard, Blanca Osuna, al diputado Tom\u00e1s Ledesma, a la legisladora provincial Stefan\u00eda Cora y a la ex diputada provincial Paola Rubattino. \u201cNecesitamos un Partido Justicialista que organice al movimiento y pueda interpretar las nuevas demandas sociales\u201d, manifestaron.<\/h3>\n\n\n\n<p>En medio de la judicializaci\u00f3n por la controversia desatada por la c\u00fapula del Partido Justicialista entre CFK y el gobernador riojano Ricardo Quintela, la ex mandataria recibi\u00f3 a cinco dirigentes entrerrianos que han expresado un fuerte respaldo a su candidatura, incluso algunos de ellos integran la lista partidaria.<\/p>\n\n\n\n<p>La noticia fue dada a conocer por algunos de los presentes a trav\u00e9s de las redes sociales. \u201cNos juntamos con nuestra compa\u00f1era Cristina para diagramar acciones de cara a la campa\u00f1a #CristinaPresidenta en Entre R\u00edos\u201d.<\/p>\n\n\n\n<p><\/p>\n\n\n\n<blockquote class=\"twitter-tweet\"><p lang=\"es\" dir=\"ltr\">Nos juntamos con nuestra compa\u00f1era <a href=\"https:\/\/twitter.com\/CFKArgentina?ref_src=twsrc%5Etfw\">@CFKArgentina<\/a> para diagramar acciones de cara a la campa\u00f1a <a href=\"https:\/\/twitter.com\/hashtag\/CristinaPresidenta?src=hash&amp;ref_src=twsrc%5Etfw\">#CristinaPresidenta<\/a> en Entre R\u00edos. <br><br>Necesitamos un <a href=\"https:\/\/twitter.com\/p_justicialista?ref_src=twsrc%5Etfw\">@p_justicialista<\/a> que organice al movimiento, que pueda pensar el momento complejo que atraviesa el pa\u00eds, interpretar las nuevas\u2026 <a href=\"https:\/\/t.co\/EgPZzfPTR4\">pic.twitter.com\/EgPZzfPTR4<\/a><\/p>&mdash; Carolina Gaillard (@CaroGaillard) <a href=\"https:\/\/twitter.com\/CaroGaillard\/status\/1851787717312463263?ref_src=twsrc%5Etfw\">October 31, 2024<\/a><\/blockquote> <script async src=\"https:\/\/platform.twitter.com\/widgets.js\" charset=\"utf-8\"><\/script>\n\n\n\n<p><\/p>\n\n\n\n<p>\u201cNecesitamos un Partido Justicialista que organice al movimiento, que pueda pensar el momento complejo que atraviesa el pa\u00eds, interpretar las nuevas demandas sociales, y construir un proyecto pol\u00edtico alternativo de pa\u00eds al que propone el gobierno de Javier Milei. Y para eso nada mejor que #CristinaPresidenta del PJ Nacional\u201d, afirm\u00f3 Gaillard en su cuenta de X.<\/p>\n\n\n\n<p>Y agreg\u00f3 que: \u201cEstamos convencidos de que la pol\u00edtica es la herramienta fundamental para transformar la realidad de las personas y el partido un instrumento para concretar esas transformaciones. Por eso Cristina presidenta\u201d.<\/p>\n\n\n\n<p>Por su parte, la diputada Blanca Osuna asegur\u00f3: \u201cCristina, su voz, su mirada y propuestas para salir adelante, sus preguntas. Su escucha atenta, su afecto. \u00bfQu\u00e9 m\u00e1s para terminar el d\u00eda y seguirla\u2026?\u201d.<\/p>\n","protected":false},"excerpt":{"rendered":"<p>La ex presienta Cristina Fern&aacute;ndez de Kirchner recibi&oacute; a las diputadas nacionales Carolina Gaillard, Blanca Osuna, al diputado Tom&aacute;s Ledesma, a la legisladora provincial Stefan&iacute;a Cora y a la ex diputada provincial Paola Rubattino. &ldquo;Necesitamos un Partido Justicialista que organice al movimiento y pueda interpretar las nuevas demandas sociales&rdquo;, manifestaron. En medio de la judicializaci&oacute;n [&hellip;]<\/p>\n","protected":false},"author":2,"featured_media":6426,"comment_status":"open","ping_status":"open","sticky":false,"template":"","format":"standard","meta":{"footnotes":""},"categories":[10,11],"tags":[919,590,30,646,2718,2716,2717,983],"class_list":["post-6425","post","type-post","status-publish","format-standard","has-post-thumbnail","hentry","category-nacionales","category-politica","tag-blanca-osuna","tag-carolina-gaillard","tag-cristina-kirchner","tag-entrerrianos","tag-paola-rubattino","tag-recibio","tag-stefania-cora","tag-tomas-ledesma"],"_links":{"self":[{"href":"https:\/\/impactodenoticias.com.ar\/index.php?rest_route=\/wp\/v2\/posts\/6425","targetHints":{"allow":["GET"]}}],"collection":[{"href":"https:\/\/impactodenoticias.com.ar\/index.php?rest_route=\/wp\/v2\/posts"}],"about":[{"href":"https:\/\/impactodenoticias.com.ar\/index.php?rest_route=\/wp\/v2\/types\/post"}],"author":[{"embeddable":true,"href":"https:\/\/impactodenoticias.com.ar\/index.php?rest_route=\/wp\/v2\/users\/2"}],"replies":[{"embeddable":true,"href":"https:\/\/impactodenoticias.com.ar\/index.php?rest_route=%2Fwp%2Fv2%2Fcomments&post=6425"}],"version-history":[{"count":1,"href":"https:\/\/impactodenoticias.com.ar\/index.php?rest_route=\/wp\/v2\/posts\/6425\/revisions"}],"predecessor-version":[{"id":6427,"href":"https:\/\/impactodenoticias.com.ar\/index.php?rest_route=\/wp\/v2\/posts\/6425\/revisions\/6427"}],"wp:featuredmedia":[{"embeddable":true,"href":"https:\/\/impactodenoticias.com.ar\/index.php?rest_route=\/wp\/v2\/media\/6426"}],"wp:attachment":[{"href":"https:\/\/impactodenoticias.com.ar\/index.php?rest_route=%2Fwp%2Fv2%2Fmedia&parent=6425"}],"wp:term":[{"taxonomy":"category","embeddable":true,"href":"https:\/\/impactodenoticias.com.ar\/index.php?rest_route=%2Fwp%2Fv2%2Fcategories&post=6425"},{"taxonomy":"post_tag","embeddable":true,"href":"https:\/\/impactodenoticias.com.ar\/index.php?rest_route=%2Fwp%2Fv2%2Ftags&post=6425"}],"curies":[{"name":"wp","href":"https:\/\/api.w.org\/{rel}","templated":true}]}}