{"id":6428,"date":"2024-10-31T11:51:54","date_gmt":"2024-10-31T14:51:54","guid":{"rendered":"https:\/\/impactodenoticias.com.ar\/?p=6428"},"modified":"2024-11-01T14:50:04","modified_gmt":"2024-11-01T17:50:04","slug":"entre-rios-la-justicia-lanza-un-sistema-que-agiliza-la-asistencia-a-las-victimas-de-violencia","status":"publish","type":"post","link":"https:\/\/impactodenoticias.com.ar\/?p=6428","title":{"rendered":"Entre R\u00edos: la Justicia lanza un sistema que agiliza la asistencia a las v\u00edctimas de violencia"},"content":{"rendered":"\n<h3 class=\"wp-block-heading\">Se trata del Sistema Interinstitucional de Abordaje de la Violencia (SIAV), que tiene como meta hacer m\u00e1s \u00e1giles y efectivas las respuestas ante casos de violencia de g\u00e9nero y familiar. En la provincia se registran cerca de 10.000 denuncias por a\u00f1o de esta \u00edndole.<\/h3>\n\n\n\n<p>El Superior Tribunal de Justicia de Entre R\u00edos cre\u00f3 el Sistema Interinstitucional de abordaje de la Violencia (SIAV) con el fin de dar respuestas m\u00e1s r\u00e1pidas a las mujeres v\u00edctimas de violencia. La nueva herramienta se elabor\u00f3 desde el Programa de Gesti\u00f3n Judicial.<\/p>\n\n\n\n<p>Debido al aumento de denuncias por violencia de g\u00e9nero y familiar, y la necesidad de generar un ambiente que asegure la interconexi\u00f3n de los datos necesarios para garantizar la integridad f\u00edsica y psicol\u00f3gica de las v\u00edctimas, desde el Poder Judicial se trabaja en la modernizaci\u00f3n de un sistema integrado para el abordaje de la violencia en todas sus formas.<\/p>\n\n\n\n<p>De acuerdo al Registro Judicial de Causas y Antecedentes de Violencia (Rejucav) en el Poder Judicial de Entre R\u00edos se registran un promedio de 10.000 ingresos anuales por hechos de violencia familiar o de g\u00e9nero -ya sea que se trate de denuncia o redenuncia en cargas del formulario Web, denuncias ante la Polic\u00eda; Fiscal\u00eda o el Centro Judicial de G\u00e9nero.<\/p>\n\n\n\n<p>En respuesta a esta problem\u00e1tica, se elabor\u00f3 un programa inform\u00e1tico para brindar respuestas r\u00e1pidas a los requerimientos de las v\u00edctimas.<\/p>\n\n\n\n<p>El mismo fue presentado y puesto en conocimiento de la Secretar\u00eda de Modernizaci\u00f3n en una reuni\u00f3n mantenida ayer entre las autoridades del Superior Tribunal de Justicia y el organismo del gobierno provincial.<\/p>\n\n\n\n<p><strong>Las caracter\u00edsticas del SIAV<\/strong><\/p>\n\n\n\n<p>Se proyecta que el Sistema Interinstitucional de abordaje de la Violencia funcione como una herramienta para los\/as operadores\/as del sistema del Estado, incorporada al entorno web, con distintos niveles de acceso.<\/p>\n\n\n\n<p>En este nuevo sistema se podr\u00e1 encontrar un formulario de denuncia con predicci\u00f3n temprana de riesgo. Adem\u00e1s se podr\u00e1 conocer en tiempo real la cantidad de botones antip\u00e1nicos asignados, sistema de alertas y activaciones.<\/p>\n\n\n\n<p>Tambi\u00e9n se podr\u00e1 visualizar los alojamientos de las v\u00edctimas alertando sobre las que deciden retirarse por voluntad propia, con env\u00edo de mensaje a los organismos de tr\u00e1mite, entre otros m\u00f3dulos.<\/p>\n\n\n\n<p>El programa, por otra parte, no podr\u00e1 ser utilizado para sustituir o descartar la intervenci\u00f3n diagn\u00f3stica de los Equipos T\u00e9cnicos Interdisciplinarios (ETis), sino para \u201caportar un diagn\u00f3stico en los primeros minutos de la denuncia para completar la exposici\u00f3n y contribuir a la fundamentaci\u00f3n en la adopci\u00f3n de medidas\u201d.<\/p>\n\n\n\n<p>Adem\u00e1s para \u201cestructurar y homologar los contenidos de las denuncias asegurando que, en la medida que se cuente con el dato, el mismo exista en la presentaci\u00f3n, es decir, sea recabado y adecuadamente registrando\u201d.<\/p>\n\n\n\n<p>Tiene como fin \u201cdetectar factores de alto riesgo que pueden ser f\u00e1cilmente identificables y contribuir a minimizar el tiempo de espera entre la recepci\u00f3n de la denuncia y la primera entrevista con el ETI\u201d.<\/p>\n","protected":false},"excerpt":{"rendered":"<p>Se trata del Sistema Interinstitucional de Abordaje de la Violencia (SIAV), que tiene como meta hacer m&aacute;s &aacute;giles y efectivas las respuestas ante casos de violencia de g&eacute;nero y familiar. En la provincia se registran cerca de 10.000 denuncias por a&ntilde;o de esta &iacute;ndole. El Superior Tribunal de Justicia de Entre R&iacute;os cre&oacute; el Sistema [&hellip;]<\/p>\n","protected":false},"author":2,"featured_media":6429,"comment_status":"open","ping_status":"open","sticky":false,"template":"","format":"standard","meta":{"footnotes":""},"categories":[90,4],"tags":[33,107,2719,1797,1564,376],"class_list":["post-6428","post","type-post","status-publish","format-standard","has-post-thumbnail","hentry","category-judicial","category-provinciales","tag-entre-rios","tag-justicia","tag-siav","tag-sistema","tag-victimas","tag-violencia"],"_links":{"self":[{"href":"https:\/\/impactodenoticias.com.ar\/index.php?rest_route=\/wp\/v2\/posts\/6428","targetHints":{"allow":["GET"]}}],"collection":[{"href":"https:\/\/impactodenoticias.com.ar\/index.php?rest_route=\/wp\/v2\/posts"}],"about":[{"href":"https:\/\/impactodenoticias.com.ar\/index.php?rest_route=\/wp\/v2\/types\/post"}],"author":[{"embeddable":true,"href":"https:\/\/impactodenoticias.com.ar\/index.php?rest_route=\/wp\/v2\/users\/2"}],"replies":[{"embeddable":true,"href":"https:\/\/impactodenoticias.com.ar\/index.php?rest_route=%2Fwp%2Fv2%2Fcomments&post=6428"}],"version-history":[{"count":2,"href":"https:\/\/impactodenoticias.com.ar\/index.php?rest_route=\/wp\/v2\/posts\/6428\/revisions"}],"predecessor-version":[{"id":6431,"href":"https:\/\/impactodenoticias.com.ar\/index.php?rest_route=\/wp\/v2\/posts\/6428\/revisions\/6431"}],"wp:featuredmedia":[{"embeddable":true,"href":"https:\/\/impactodenoticias.com.ar\/index.php?rest_route=\/wp\/v2\/media\/6429"}],"wp:attachment":[{"href":"https:\/\/impactodenoticias.com.ar\/index.php?rest_route=%2Fwp%2Fv2%2Fmedia&parent=6428"}],"wp:term":[{"taxonomy":"category","embeddable":true,"href":"https:\/\/impactodenoticias.com.ar\/index.php?rest_route=%2Fwp%2Fv2%2Fcategories&post=6428"},{"taxonomy":"post_tag","embeddable":true,"href":"https:\/\/impactodenoticias.com.ar\/index.php?rest_route=%2Fwp%2Fv2%2Ftags&post=6428"}],"curies":[{"name":"wp","href":"https:\/\/api.w.org\/{rel}","templated":true}]}}