{"id":6437,"date":"2024-10-31T18:15:54","date_gmt":"2024-10-31T21:15:54","guid":{"rendered":"https:\/\/impactodenoticias.com.ar\/?p=6437"},"modified":"2024-11-01T14:49:57","modified_gmt":"2024-11-01T17:49:57","slug":"la-provincia-analiza-el-estado-del-arroyo-el-espinillo-tras-denuncias-por-contaminacion","status":"publish","type":"post","link":"https:\/\/impactodenoticias.com.ar\/?p=6437","title":{"rendered":"La Provincia analiza el estado del arroyo El Espinillo, tras denuncias por contaminaci\u00f3n"},"content":{"rendered":"\n<h3 class=\"wp-block-heading\">Expertos de la Secretar\u00eda de Ambiente tomaron muestras del l\u00edquido te\u00f1ido de un rojo intenso, aguas abajo de la descarga de efluentes procedentes de las lagunas de estabilizaci\u00f3n cloacal e industrial de la ciudad de Crespo asi como en otros puntos del curso, tanto aguas arriba como abajo.<\/h3>\n\n\n\n<p>Ante recientes denuncias que indican la presunta existencia de contaminantes en cursos de agua del departamento Paran\u00e1, expertos de la Secretar\u00eda de Ambiente de la provincia trabajan para determinar las causas de la at\u00edpica coloraci\u00f3n observada en superficie. De este modo, se tomaron muestras en el arroyo El Espinillo, en inmediaciones de la ciudad de Crespo. Los resultados de los an\u00e1lisis se conocer\u00e1n la semana pr\u00f3xima.<\/p>\n\n\n\n<p>Desde el 25 de octubre, de oficio, el equipo de Ambiente tom\u00f3 muestras del l\u00edquido te\u00f1ido de un rojo intenso, aguas abajo de la descarga de efluentes procedentes de las lagunas de estabilizaci\u00f3n cloacal e industrial de la ciudad de Crespo. Lo mismo hicieron en otros puntos del curso, tanto aguas arriba como abajo.<\/p>\n\n\n\n<p>Vale destacar que el arroyo El Espinillo es un afluente del arroyo Las Conchas, donde durante el fin de semana se advirtieron situaciones de presunta contaminaci\u00f3n, afectando el curso en distintos tramos, entre ellos, el que recorre el Parque Escolar General San Martin.<\/p>\n\n\n\n<p>Desde la Secretar\u00eda se dio a conocer que, en virtud de lo ocurrido, como autoridad de aplicaci\u00f3n y conforme el protocolo de laboratorio, queda aguardar los resultados de los an\u00e1lisis, que estar\u00e1n disponibles la pr\u00f3xima semana.<\/p>\n\n\n\n<p>Habidsa cuenta que esta no es la primera vez que ocurren situaciones de este tenor en este curso de agua (El Espinillo), se decidi\u00f3 el monitoreo permanente del mismo, sobre todo considerando el impacto de las actividades econ\u00f3micas que se desarrollan en la zona y teniendo en cuenta como primera medida la influencia directa de todos los factores naturales y socioecon\u00f3micos asociados.<\/p>\n\n\n\n<p>Se van a replicar acciones similares en toda la cuenca del arroyo Las Conchas, lo cual amerita una estrategia de monitoreo integral y complementaria, habida cuenta que, por un lado, recepta el caudal del Espinillo, pero a su vez tambi\u00e9n efluentes l\u00edquidos provenientes de otros cursos de agua asociados a distintas jurisdicciones. Por este motivo, los gobiernos locales de la zona se ir\u00e1n sumando a la estrategia de control y monitoreo integral, que ser\u00e1 coordinada por el gobierno provincial.<\/p>\n","protected":false},"excerpt":{"rendered":"<p>Expertos de la Secretar&iacute;a de Ambiente tomaron muestras del l&iacute;quido te&ntilde;ido de un rojo intenso, aguas abajo de la descarga de efluentes procedentes de las lagunas de estabilizaci&oacute;n cloacal e industrial de la ciudad de Crespo asi como en otros puntos del curso, tanto aguas arriba como abajo. Ante recientes denuncias que indican la presunta [&hellip;]<\/p>\n","protected":false},"author":2,"featured_media":6438,"comment_status":"open","ping_status":"open","sticky":false,"template":"","format":"standard","meta":{"footnotes":""},"categories":[3,49],"tags":[2720,2721,337,2722,33,122,2723],"class_list":["post-6437","post","type-post","status-publish","format-standard","has-post-thumbnail","hentry","category-locales","category-sociedad","tag-analizan","tag-arroyo","tag-crespo","tag-el-espinillo","tag-entre-rios","tag-estado","tag-las-conchas"],"_links":{"self":[{"href":"https:\/\/impactodenoticias.com.ar\/index.php?rest_route=\/wp\/v2\/posts\/6437","targetHints":{"allow":["GET"]}}],"collection":[{"href":"https:\/\/impactodenoticias.com.ar\/index.php?rest_route=\/wp\/v2\/posts"}],"about":[{"href":"https:\/\/impactodenoticias.com.ar\/index.php?rest_route=\/wp\/v2\/types\/post"}],"author":[{"embeddable":true,"href":"https:\/\/impactodenoticias.com.ar\/index.php?rest_route=\/wp\/v2\/users\/2"}],"replies":[{"embeddable":true,"href":"https:\/\/impactodenoticias.com.ar\/index.php?rest_route=%2Fwp%2Fv2%2Fcomments&post=6437"}],"version-history":[{"count":1,"href":"https:\/\/impactodenoticias.com.ar\/index.php?rest_route=\/wp\/v2\/posts\/6437\/revisions"}],"predecessor-version":[{"id":6439,"href":"https:\/\/impactodenoticias.com.ar\/index.php?rest_route=\/wp\/v2\/posts\/6437\/revisions\/6439"}],"wp:featuredmedia":[{"embeddable":true,"href":"https:\/\/impactodenoticias.com.ar\/index.php?rest_route=\/wp\/v2\/media\/6438"}],"wp:attachment":[{"href":"https:\/\/impactodenoticias.com.ar\/index.php?rest_route=%2Fwp%2Fv2%2Fmedia&parent=6437"}],"wp:term":[{"taxonomy":"category","embeddable":true,"href":"https:\/\/impactodenoticias.com.ar\/index.php?rest_route=%2Fwp%2Fv2%2Fcategories&post=6437"},{"taxonomy":"post_tag","embeddable":true,"href":"https:\/\/impactodenoticias.com.ar\/index.php?rest_route=%2Fwp%2Fv2%2Ftags&post=6437"}],"curies":[{"name":"wp","href":"https:\/\/api.w.org\/{rel}","templated":true}]}}