{"id":6484,"date":"2024-11-01T11:48:57","date_gmt":"2024-11-01T14:48:57","guid":{"rendered":"https:\/\/impactodenoticias.com.ar\/?p=6484"},"modified":"2024-11-02T13:40:53","modified_gmt":"2024-11-02T16:40:53","slug":"senadores-justicialistas-volvieron-a-expresar-su-rechazo-al-cheque-en-blanco-que-implica-el-rigi-y-consolidan-su-propio-proyecto","status":"publish","type":"post","link":"https:\/\/impactodenoticias.com.ar\/?p=6484","title":{"rendered":"Senadores justicialistas volvieron a expresar su rechazo al \u201ccheque en blanco\u201d que implica el RIGI y consolidan su propio proyecto"},"content":{"rendered":"\n<p class=\"has-medium-font-size\"><strong>\u201cNo vamos a apoyar ninguna iniciativa que se constituya en un cheque en blanco para la explotaci\u00f3n de los recursos naturales entrerrianos y eche por tierra regulaciones provinciales que protegen al medio ambiente\u201d, destacaron los senadores justicialistas sobre su postura en contra del RIGI.<\/strong><\/p>\n\n\n\n<p>\u201cCoincidimos con el sector empresario entrerriano en que los tiempos que vivimos son ciertamente complejos. Siempre es momento de dejar de lado intereses particulares y encontrar los consensos necesarios para darle m\u00e1s y mejores oportunidades a las familias entrerrianas\u201d, manifestaron los senadores justicialistas entrerrianos que impulsan un proyecto propio de promoci\u00f3n industrial.<\/p>\n\n\n\n<p>Y agregaron: \u201cEl justicialismo ha trabajado junto al sector empresario desde hace muchos a\u00f1os para impulsar herramientas apunten principalmente a incentivar la creaci\u00f3n de puestos de trabajo registrados. Este acompa\u00f1amiento claramente hab\u00eda rendido sus frutos con una pol\u00edtica de equilibrio financiero y fiscal, garantizando seguridad jur\u00eddica para las inversiones que se quieran desarrollar en la provincia de Entre R\u00edos, y generando m\u00e1s de mil puestos de trabajo en el sector privado\u201d, hicieron saber los legisladores.<\/p>\n\n\n\n<p>\u201cLas pol\u00edticas de recorte y ajuste a las que nos ha sometido el gobierno nacional han determinado, tal como lo dicen las entidades empresarias, que vivamos en tiempos ciertamente complejos, y el retroceso en materia de movilidad econ\u00f3mica y empleo, es m\u00e1s que evidente\u201d , mencionaron.<\/p>\n\n\n\n<p>Y a\u00f1adieron que: \u201cEs por eso, precisamente, que impulsamos una norma que contempla exenciones impositivas y fomentamos nuevos puestos de trabajo. Hemos acercado a las entidades que integran el sector empresario e industrial de Entre R\u00edos un nuevo proyecto de promoci\u00f3n industrial en base a la experiencia positiva que se desarroll\u00f3 en 2023\u201d.<\/p>\n\n\n\n<p>\u201cNo vamos a apoyar ninguna iniciativa que se constituya en un cheque en blanco para la explotaci\u00f3n de los recursos naturales entrerrianos y eche por tierra regulaciones provinciales que protejan al medio ambiente\u201d, subrayaron sobre su postura en contra del RIGI.<\/p>\n\n\n\n<p>\u201cLa ley de Promoci\u00f3n Industrial que actualiza la normativa existente, ampl\u00eda a los beneficiarios e incluye sectores como el transporte y la econom\u00eda circular, con el fin de fomentar la inversi\u00f3n y la creaci\u00f3n de empleo a trav\u00e9s de incentivos fiscales que apuntan al desarrollo industrial protegiendo al medio ambiente\u201d, precisaron.<\/p>\n\n\n\n<p>\u201cNuestra Constituci\u00f3n defiende el derecho al agua potable y los recursos naturales. Adherir al RIGI supone subordinar el r\u00e9gimen regulatorio provincial sobre el medio ambiente e ingresos tributarios a ese r\u00e9gimen nacional. Debemos sostener y defender las potestades de nuestra provincia\u201d, concluyeron los senadores del bloque justicialista.<\/p>\n","protected":false},"excerpt":{"rendered":"<p>&ldquo;No vamos a apoyar ninguna iniciativa que se constituya en un cheque en blanco para la explotaci&oacute;n de los recursos naturales entrerrianos y eche por tierra regulaciones provinciales que protegen al medio ambiente&rdquo;, destacaron los senadores justicialistas sobre su postura en contra del RIGI. &ldquo;Coincidimos con el sector empresario entrerriano en que los tiempos que [&hellip;]<\/p>\n","protected":false},"author":2,"featured_media":6485,"comment_status":"open","ping_status":"open","sticky":false,"template":"","format":"standard","meta":{"footnotes":""},"categories":[11,4],"tags":[934,61,31,165],"class_list":["post-6484","post","type-post","status-publish","format-standard","has-post-thumbnail","hentry","category-politica","category-provinciales","tag-justicialistas","tag-rechazo","tag-rigi","tag-senadores"],"_links":{"self":[{"href":"https:\/\/impactodenoticias.com.ar\/index.php?rest_route=\/wp\/v2\/posts\/6484","targetHints":{"allow":["GET"]}}],"collection":[{"href":"https:\/\/impactodenoticias.com.ar\/index.php?rest_route=\/wp\/v2\/posts"}],"about":[{"href":"https:\/\/impactodenoticias.com.ar\/index.php?rest_route=\/wp\/v2\/types\/post"}],"author":[{"embeddable":true,"href":"https:\/\/impactodenoticias.com.ar\/index.php?rest_route=\/wp\/v2\/users\/2"}],"replies":[{"embeddable":true,"href":"https:\/\/impactodenoticias.com.ar\/index.php?rest_route=%2Fwp%2Fv2%2Fcomments&post=6484"}],"version-history":[{"count":1,"href":"https:\/\/impactodenoticias.com.ar\/index.php?rest_route=\/wp\/v2\/posts\/6484\/revisions"}],"predecessor-version":[{"id":6486,"href":"https:\/\/impactodenoticias.com.ar\/index.php?rest_route=\/wp\/v2\/posts\/6484\/revisions\/6486"}],"wp:featuredmedia":[{"embeddable":true,"href":"https:\/\/impactodenoticias.com.ar\/index.php?rest_route=\/wp\/v2\/media\/6485"}],"wp:attachment":[{"href":"https:\/\/impactodenoticias.com.ar\/index.php?rest_route=%2Fwp%2Fv2%2Fmedia&parent=6484"}],"wp:term":[{"taxonomy":"category","embeddable":true,"href":"https:\/\/impactodenoticias.com.ar\/index.php?rest_route=%2Fwp%2Fv2%2Fcategories&post=6484"},{"taxonomy":"post_tag","embeddable":true,"href":"https:\/\/impactodenoticias.com.ar\/index.php?rest_route=%2Fwp%2Fv2%2Ftags&post=6484"}],"curies":[{"name":"wp","href":"https:\/\/api.w.org\/{rel}","templated":true}]}}