{"id":6487,"date":"2024-11-01T11:59:55","date_gmt":"2024-11-01T14:59:55","guid":{"rendered":"https:\/\/impactodenoticias.com.ar\/?p=6487"},"modified":"2024-11-02T13:40:49","modified_gmt":"2024-11-02T16:40:49","slug":"frigerio-cruzo-a-bordet-por-la-foto-con-cristina-kirchner-y-michel-lo-mando-a-trabajar-toda-la-semana","status":"publish","type":"post","link":"https:\/\/impactodenoticias.com.ar\/?p=6487","title":{"rendered":"Frigerio cruz\u00f3 a Bordet por la foto con Cristina Kirchner y Michel lo mand\u00f3 a trabajar toda la semana"},"content":{"rendered":"\n<h3 class=\"wp-block-heading\">El gobernador Rogelio Frigerio fustig\u00f3 a Gustavo Bordet por la foto de la reuni\u00f3n que mantuvo con Cristina Kirchner y Guillermo Michel fue el encargado de retrucarlo: \u201cTranquilo gobernador, mantenga la templanza\u201d.<\/h3>\n\n\n\n<p>Una extensa fila de dirigentes oficialistas salieron a bancar a Frigerio y a criticar al ex gobernador: \u201cEs una real verg\u00fcenza ver como solo piensan en sostenerse en el poder, mientras ac\u00e1 estamos atendiendo el desastre que dejaron\u201d, apunt\u00f3 un Ministro.<\/p>\n\n\n\n<p>Gustavo Bordet y Guillermo Michel mantuvieron una reuni\u00f3n con Cristina Kirchner remarcando su sinton\u00eda con el Instituto Patria y enfrentar a Frigerio\u201d. La foto de los tres (y una de Cristina con otros cinco dirigentes), comenz\u00f3 a circular el mi\u00e9rcoles a la noche en la red social X y ayer se viraliz\u00f3. Horas m\u00e1s tarde el gobernador Frigerio la comparti\u00f3 y despach\u00f3 fuertes cr\u00edticas a Bordet y al kirchnerismo.<\/p>\n\n\n\n<p><\/p>\n\n\n\n<blockquote class=\"twitter-tweet\"><p lang=\"es\" dir=\"ltr\">El kirchnerismo sigue insistiendo con las mismas recetas que endeudaron y empobrecieron a Entre R\u00edos, donde lo \u00fanico que creci\u00f3 fue la falta de oportunidades y el empleo p\u00fablico. Los entrerrianos votaron hace poco un cambio claro y profundo, y eligieron un gobierno que ordene las\u2026 <a href=\"https:\/\/t.co\/TU8VFi4wVc\">https:\/\/t.co\/TU8VFi4wVc<\/a><\/p>&mdash; Rogelio Frigerio (@frigeriorogelio) <a href=\"https:\/\/twitter.com\/frigeriorogelio\/status\/1852144820602487015?ref_src=twsrc%5Etfw\">November 1, 2024<\/a><\/blockquote> <script async src=\"https:\/\/platform.twitter.com\/widgets.js\" charset=\"utf-8\"><\/script>\n\n\n\n<p><\/p>\n\n\n\n<p>\u201cEl kirchnerismo sigue insistiendo con las mismas recetas que endeudaron y empobrecieron a Entre R\u00edos, donde lo \u00fanico que creci\u00f3 fue la falta de oportunidades y el empleo p\u00fablico. Los entrerrianos votaron hace poco un cambio claro y profundo, y eligieron un gobierno que ordene las cuentas, transparente y modernice la gesti\u00f3n, y apueste fuerte por la inversi\u00f3n y el trabajo privado. En medio de la peor crisis que nos dej\u00f3 el populismo, necesitamos estar m\u00e1s unidos que nunca para salir adelante y recuperar el lugar que nos merecemos\u201d, poste\u00f3 Frigerio en X.<\/p>\n\n\n\n<p><\/p>\n\n\n\n<blockquote class=\"twitter-tweet\"><p lang=\"es\" dir=\"ltr\">Tranquilo, gobernador, mantenga la templanza. <br><br>Le quedan m\u00e1s de 3 a\u00f1os a\u00fan de gesti\u00f3n. Trate de no enojarse y trabaje toda la semana (no de martes a jueves) en la provincia para resolver los problemas de los entrerrianos.<\/p>&mdash; Guillermo Michel (@MichelGuilleOK) <a href=\"https:\/\/twitter.com\/MichelGuilleOK\/status\/1852151179574227032?ref_src=twsrc%5Etfw\">November 1, 2024<\/a><\/blockquote> <script async src=\"https:\/\/platform.twitter.com\/widgets.js\" charset=\"utf-8\"><\/script>\n\n\n\n<p><\/p>\n\n\n\n<p>Minutos despu\u00e9s uno de los protagonistas de la foto, el ex Director de Aduanas Guillermo Michel, fue quien contest\u00f3 en tono ir\u00f3nico indic\u00e1ndole a Frigerio en el que lo acus\u00f3 de poco apego al trabajo: \u201cTranquilo, gobernador, mantenga la templanza. Le quedan m\u00e1s de 3 a\u00f1os a\u00fan de gesti\u00f3n. Trate de no enojarse y trabajar toda la semana (no de martes a jueves), en la provincia para resolver los problemas de los entrerrianos\u201d.<\/p>\n\n\n\n<p>Inmediatamente una catarata de dirigentes frigeristas sali\u00f3 en defensa de Frigerio y fustigaron a Bordet por la foto.<\/p>\n\n\n\n<p>Entre otros, Alicia Aluani, Alfredo De \u00c1ngeli, Manuel Troncoso, Mauricio Colello, Dar\u00edos Schenider, Francisco Morchio, Emanuel Gainza, Rafael Cavagna, Sergio Kneeteman, Ayel\u00e9n Acosta, y Mauricio Davico.<\/p>\n\n\n\n<p>\u201cEl 10 de diciembre asumimos un compromiso con los entrerrianos olvidados durante 20 a\u00f1os por el kirchnerismo que pidieron un cambio. Y es por ello que seguiremos gestionando con responsabilidad, y sobre todo con la verdad\u201d, manifest\u00f3 Aluani.<\/p>\n\n\n\n<p>Por su parte Manuel Troncoso afirm\u00f3 que \u201calgunos insisten en volver un modelo que nunca foment\u00f3 la creaci\u00f3n de empleo en el sector privado y atent\u00f3 contra el bolsillo de los trabajadores\u201d.<\/p>\n\n\n\n<p>El senador Cavagna asegur\u00f3 que \u201cel populismo propuesto por el Kirchnerismo de Entre R\u00edos ya forma parte del pasado pero sus actores se dedican a trabajar herramientas para el desarrollo de la Provincia\u201d.<\/p>\n\n\n\n<p>Kneeteman dijo que \u201cpara un kiorchnerista no haya nada mejor que otro kirchnerista\u201d y el ministro Schenider enfatiz\u00f3: \u201cEs una verdadera verg\u00fcenza ver como solo piensan en sostenerse en el poder, mientras ac\u00e1 estamos atendiendo la herencia de Bordet. Escuelas abandonadas que se caen a pedazos, rutas destruidas, y 22.000 mil millones de deuda en obra p\u00fablica. 9 meses atendiendo el desastre que dejaron\u201d.<\/p>\n","protected":false},"excerpt":{"rendered":"<p>El gobernador Rogelio Frigerio fustig&oacute; a Gustavo Bordet por la foto de la reuni&oacute;n que mantuvo con Cristina Kirchner y Guillermo Michel fue el encargado de retrucarlo: &ldquo;Tranquilo gobernador, mantenga la templanza&rdquo;. Una extensa fila de dirigentes oficialistas salieron a bancar a Frigerio y a criticar al ex gobernador: &ldquo;Es una real verg&uuml;enza ver como [&hellip;]<\/p>\n","protected":false},"author":2,"featured_media":6488,"comment_status":"open","ping_status":"open","sticky":false,"template":"","format":"standard","meta":{"footnotes":""},"categories":[11,4],"tags":[30,33,46,32,2737,310,39],"class_list":["post-6487","post","type-post","status-publish","format-standard","has-post-thumbnail","hentry","category-politica","category-provinciales","tag-cristina-kirchner","tag-entre-rios","tag-guillermo-michel","tag-gustavo-bordet","tag-instituto-patria","tag-reunion","tag-rogelio-frigerio"],"_links":{"self":[{"href":"https:\/\/impactodenoticias.com.ar\/index.php?rest_route=\/wp\/v2\/posts\/6487","targetHints":{"allow":["GET"]}}],"collection":[{"href":"https:\/\/impactodenoticias.com.ar\/index.php?rest_route=\/wp\/v2\/posts"}],"about":[{"href":"https:\/\/impactodenoticias.com.ar\/index.php?rest_route=\/wp\/v2\/types\/post"}],"author":[{"embeddable":true,"href":"https:\/\/impactodenoticias.com.ar\/index.php?rest_route=\/wp\/v2\/users\/2"}],"replies":[{"embeddable":true,"href":"https:\/\/impactodenoticias.com.ar\/index.php?rest_route=%2Fwp%2Fv2%2Fcomments&post=6487"}],"version-history":[{"count":2,"href":"https:\/\/impactodenoticias.com.ar\/index.php?rest_route=\/wp\/v2\/posts\/6487\/revisions"}],"predecessor-version":[{"id":6491,"href":"https:\/\/impactodenoticias.com.ar\/index.php?rest_route=\/wp\/v2\/posts\/6487\/revisions\/6491"}],"wp:featuredmedia":[{"embeddable":true,"href":"https:\/\/impactodenoticias.com.ar\/index.php?rest_route=\/wp\/v2\/media\/6488"}],"wp:attachment":[{"href":"https:\/\/impactodenoticias.com.ar\/index.php?rest_route=%2Fwp%2Fv2%2Fmedia&parent=6487"}],"wp:term":[{"taxonomy":"category","embeddable":true,"href":"https:\/\/impactodenoticias.com.ar\/index.php?rest_route=%2Fwp%2Fv2%2Fcategories&post=6487"},{"taxonomy":"post_tag","embeddable":true,"href":"https:\/\/impactodenoticias.com.ar\/index.php?rest_route=%2Fwp%2Fv2%2Ftags&post=6487"}],"curies":[{"name":"wp","href":"https:\/\/api.w.org\/{rel}","templated":true}]}}