{"id":651,"date":"2024-06-30T14:36:38","date_gmt":"2024-06-30T17:36:38","guid":{"rendered":"https:\/\/impactodenoticias.com.ar\/?p=651"},"modified":"2024-06-30T14:36:39","modified_gmt":"2024-06-30T17:36:39","slug":"patricia-bullrich-en-conferencia-de-prensa-no-hay-datos-de-loan-no-sabemos-nada","status":"publish","type":"post","link":"https:\/\/impactodenoticias.com.ar\/?p=651","title":{"rendered":"PATRICIA BULLRICH EN CONFERENCIA DE PRENSA: \u00abNO HAY DATOS DE LOAN\u00bb, \u00abNO SABEMOS NADA\u00bb"},"content":{"rendered":"\n<p><strong>En conferencia de prensa, la ministra de Seguridad de la Naci\u00f3n, expres\u00f3 que no hay ninguna informaci\u00f3n espec\u00edfica que pueda dar con la pista de la ubicaci\u00f3n del ni\u00f1o buscado hace 17 d\u00edas.<\/strong><\/p>\n\n\n\n<p>La ministra de Seguridad Patricia Bullrich, que lleg\u00f3 esta ma\u00f1ana a la provincia de Corrientes, brindar\u00e1 una conferencia de prensa a los medios period\u00edsticos que est\u00e1n en 9 de Julio cubriendo la b\u00fasqueda de Loan.<\/p>\n\n\n\n<p>\u00abNo tenemos datos de Loan. Tenemos construcci\u00f3n de hip\u00f3tesis y de pistas pero no datos, porque hubo una primera investigaci\u00f3n que tuvo una derivaci\u00f3n y una segunda investigaci\u00f3n que comenz\u00f3 hace pocos d\u00edas, que est\u00e1 realizando las actuaciones necesarias\u00bb, manifest\u00f3 la ministra Bullrich en conferencia de prensa desde 9 de Julio este domingo, ante todos los medios de comunicaci\u00f3n.<\/p>\n\n\n\n<p>Pese al tiempo pasado desde la desaparici\u00f3n del nene, la ministra dijo que \u00abal pueblo argentino le puedo dar la tranquilidad que todo lo que tiene la Argentina de profesionalidad y capacidad est\u00e1 puesto para encontrar a Loan\u00bb.<\/p>\n\n\n\n<p><\/p>\n\n\n\n<figure class=\"wp-block-embed is-type-video is-provider-youtube wp-block-embed-youtube wp-embed-aspect-16-9 wp-has-aspect-ratio\"><div class=\"wp-block-embed__wrapper\">\n<iframe loading=\"lazy\" title=\"T\u00edo de Loan: &quot;Encontraron algo en el fondo&quot;\" width=\"640\" height=\"360\" src=\"https:\/\/www.youtube.com\/embed\/BCYHBWnsS8w?feature=oembed\" frameborder=\"0\" allow=\"accelerometer; autoplay; clipboard-write; encrypted-media; gyroscope; picture-in-picture; web-share\" referrerpolicy=\"strict-origin-when-cross-origin\" allowfullscreen><\/iframe>\n<\/div><\/figure>\n","protected":false},"excerpt":{"rendered":"<p>En conferencia de prensa, la ministra de Seguridad de la Naci&oacute;n, expres&oacute; que no hay ninguna informaci&oacute;n espec&iacute;fica que pueda dar con la pista de la ubicaci&oacute;n del ni&ntilde;o buscado hace 17 d&iacute;as. La ministra de Seguridad Patricia Bullrich, que lleg&oacute; esta ma&ntilde;ana a la provincia de Corrientes, brindar&aacute; una conferencia de prensa a los [&hellip;]<\/p>\n","protected":false},"author":2,"featured_media":652,"comment_status":"open","ping_status":"open","sticky":false,"template":"","format":"standard","meta":{"footnotes":""},"categories":[90,10,8],"tags":[180,181,278],"class_list":["post-651","post","type-post","status-publish","format-standard","has-post-thumbnail","hentry","category-judicial","category-nacionales","category-policiales","tag-corrientes","tag-loan-danilo-pena","tag-patricia-bullrich"],"_links":{"self":[{"href":"https:\/\/impactodenoticias.com.ar\/index.php?rest_route=\/wp\/v2\/posts\/651","targetHints":{"allow":["GET"]}}],"collection":[{"href":"https:\/\/impactodenoticias.com.ar\/index.php?rest_route=\/wp\/v2\/posts"}],"about":[{"href":"https:\/\/impactodenoticias.com.ar\/index.php?rest_route=\/wp\/v2\/types\/post"}],"author":[{"embeddable":true,"href":"https:\/\/impactodenoticias.com.ar\/index.php?rest_route=\/wp\/v2\/users\/2"}],"replies":[{"embeddable":true,"href":"https:\/\/impactodenoticias.com.ar\/index.php?rest_route=%2Fwp%2Fv2%2Fcomments&post=651"}],"version-history":[{"count":1,"href":"https:\/\/impactodenoticias.com.ar\/index.php?rest_route=\/wp\/v2\/posts\/651\/revisions"}],"predecessor-version":[{"id":653,"href":"https:\/\/impactodenoticias.com.ar\/index.php?rest_route=\/wp\/v2\/posts\/651\/revisions\/653"}],"wp:featuredmedia":[{"embeddable":true,"href":"https:\/\/impactodenoticias.com.ar\/index.php?rest_route=\/wp\/v2\/media\/652"}],"wp:attachment":[{"href":"https:\/\/impactodenoticias.com.ar\/index.php?rest_route=%2Fwp%2Fv2%2Fmedia&parent=651"}],"wp:term":[{"taxonomy":"category","embeddable":true,"href":"https:\/\/impactodenoticias.com.ar\/index.php?rest_route=%2Fwp%2Fv2%2Fcategories&post=651"},{"taxonomy":"post_tag","embeddable":true,"href":"https:\/\/impactodenoticias.com.ar\/index.php?rest_route=%2Fwp%2Fv2%2Ftags&post=651"}],"curies":[{"name":"wp","href":"https:\/\/api.w.org\/{rel}","templated":true}]}}