{"id":6547,"date":"2024-11-02T19:28:39","date_gmt":"2024-11-02T22:28:39","guid":{"rendered":"https:\/\/impactodenoticias.com.ar\/?p=6547"},"modified":"2024-11-03T11:59:49","modified_gmt":"2024-11-03T14:59:49","slug":"cristina-nos-pidio-dirigentes-con-trabajo-territorial-senalo-rubattino","status":"publish","type":"post","link":"https:\/\/impactodenoticias.com.ar\/?p=6547","title":{"rendered":"\u00abCristina nos pidi\u00f3 dirigentes con trabajo territorial\u00bb, se\u00f1al\u00f3 Rubattino"},"content":{"rendered":"\n<p class=\"has-medium-font-size\"><strong>Luego de la reuni\u00f3n que sostuvieron legisladores y ex legisladores del Partido Justicialista (PJ) entrerriano con la ex vicepresidenta, Cristina Fern\u00e1ndez, en el Instituto Patria, la ex diputada, Paola Rubattino, se\u00f1al\u00f3 que la futura presidenta del PJ nacional les pidi\u00f3 \u00aborganizaci\u00f3n, unidad, crear puentes y sobre todo dirigentes con trabajo territorial\u00bb.<\/strong><\/p>\n\n\n\n<p>Los diputados nacionales entrerrianos, Tom\u00e1s Ledesma, Carolina Gaillard y Blanca Osuna, la legisladora provincial Stefan\u00eda Cora y la ex diputada provincial Paola Rubattino, se reunieron en el Instituto Patria con la ex vicepresidenta e inminente presidenta del Partido Justicialista (PJ) nacional. Fue en el marco de las reuniones que Cristina Fern\u00e1ndez viene manteniendo con distintos dirigentes del peronismo.<\/p>\n\n\n\n<p>Rubattino expres\u00f3 a medios de comunicaci\u00f3n que Cristina Fern\u00e1ndez les solicit\u00f3 \u00aborganizaci\u00f3n, unidad, crear puentes y sobre todo dirigentes con trabajo territorial\u00bb. Agreg\u00f3 que adem\u00e1s los inst\u00f3 a \u00abuna escucha atenta, nos pidi\u00f3 cercan\u00eda y estar cerca de lo que sucede en nuestras localidades, hay que empezar a construir esos puentes y di\u00e1logos y estar con la gente teniendo unidad\u00bb.<\/p>\n\n\n\n<p>La ex diputada manifest\u00f3 que \u00ablo que hoy estamos entendiendo es lo que tenemos enfrente y estamos muy preocupados por lo que sucede a nivel econ\u00f3mico con las familias. Hay matices en el peronismo, hay un componente ideol\u00f3gico donde uno puede sentirse m\u00e1s identificado o no, pero como dec\u00eda Cristina, hoy estamos frente a algo in\u00e9dito, donde est\u00e1n gobernando las corporaciones, y nosotros debemos juntarnos y organizarnos y el PJ adem\u00e1s de ser opositor tiene que ser una alternativa para que el ciudadano pueda reorganizar su vida que fue desarmada por este gobierno\u00bb.<\/p>\n\n\n\n<p>Rubattino puso \u00e9nfasis a la necesidad de \u00abcoincidir todos en una s\u00edntesis pol\u00edtica que nos permita ir contra quien est\u00e1 ajustando al pueblo, que tiene que ver con las pol\u00edticas de Javier Milei\u00bb, y a\u00f1adi\u00f3 que \u00abhay que hacer mucha autocr\u00edtica, esto es una tarea y un paso obligado, debemos repensar las cosas de los \u00faltimos a\u00f1os, sin embargo creo que la sociedad va a madurar en cuanto a la elecci\u00f3n, porque hay muchos grupos enojados\u00bb.<\/p>\n\n\n\n<p>La ex legisladora record\u00f3 las gestiones de Cristina Fern\u00e1ndez y subray\u00f3 que \u00abhab\u00eda ascenso social, la gente pod\u00eda tener trabajo, el Estado estaba presente, con muchas dificultades pero creo que la gente ten\u00eda otras posibilidades a diferencia del horror que estamos viviendo hoy\u00bb, y acot\u00f3 que la ciudadan\u00eda \u00abest\u00e1 peleando por la comida porque la plata no alcanza. Tenemos que trabajar en un enorme frente que le ponga freno a todo esto\u00bb.<\/p>\n\n\n\n<p>Rubattino desliz\u00f3 algunas pistas sobre su mirada del PJ de Entre R\u00edos: \u00abEl PJ buscar\u00e1 un punto de madurez y di\u00e1logo, m\u00e1s all\u00e1 de las etiquetas o los grupos, que son l\u00f3gicos porque uno disputa sentido, disputa pol\u00edtica, pero creo que hay hombres muy valiosos en la pol\u00edtica\u00bb, indic\u00f3 y a su vez argument\u00f3 que el PJ provincial \u00abtiene la obligaci\u00f3n de darse el debate hacia dentro y que no quede en un acto de buenas intenciones\u00bb. Fue en este sentido que el Tribunal de Disciplina debe trabajar en quienes votaron leyes que perjudicaron a los ciudadanos. \u00abHay que escuchar a la militancia, al afiliado peronista y volver a los or\u00edgenes, volver a Per\u00f3n\u00bb, reclam\u00f3 y afirm\u00f3 que la agenda \u00abla va a marcar el militante\u00bb.<\/p>\n\n\n\n<p>Asimismo plante\u00f3 que \u00abHay que traer a todas las personas y este golpazo que recibi\u00f3 el peronismo tiene que ser un sacud\u00f3n para entender de qu\u00e9 se trata esto, porque la pol\u00edtica tiene que servir para aliviar el sufrimiento\u00bb.<\/p>\n\n\n\n<p>Finalizando, no dio un nombre como conductor provincial del PJ, pero asever\u00f3 que \u00abhay hombres muy valiosos, pero estamos en una construcci\u00f3n, y si bien hubo quienes hicieron cosas muy acertadas, hoy estamos en un momento en donde eso se empieza a mover y veo eso como una crisis positiva. Esto va a permitir encontrar las bases para que el PJ vuelva a ser una opci\u00f3n\u00bb, cerr\u00f3.<\/p>\n","protected":false},"excerpt":{"rendered":"<p>Luego de la reuni&oacute;n que sostuvieron legisladores y ex legisladores del Partido Justicialista (PJ) entrerriano con la ex vicepresidenta, Cristina Fern&aacute;ndez, en el Instituto Patria, la ex diputada, Paola Rubattino, se&ntilde;al&oacute; que la futura presidenta del PJ nacional les pidi&oacute; &laquo;organizaci&oacute;n, unidad, crear puentes y sobre todo dirigentes con trabajo territorial&raquo;. Los diputados nacionales entrerrianos, [&hellip;]<\/p>\n","protected":false},"author":2,"featured_media":6548,"comment_status":"open","ping_status":"open","sticky":false,"template":"","format":"standard","meta":{"footnotes":""},"categories":[11,4],"tags":[30,2718],"class_list":["post-6547","post","type-post","status-publish","format-standard","has-post-thumbnail","hentry","category-politica","category-provinciales","tag-cristina-kirchner","tag-paola-rubattino"],"_links":{"self":[{"href":"https:\/\/impactodenoticias.com.ar\/index.php?rest_route=\/wp\/v2\/posts\/6547","targetHints":{"allow":["GET"]}}],"collection":[{"href":"https:\/\/impactodenoticias.com.ar\/index.php?rest_route=\/wp\/v2\/posts"}],"about":[{"href":"https:\/\/impactodenoticias.com.ar\/index.php?rest_route=\/wp\/v2\/types\/post"}],"author":[{"embeddable":true,"href":"https:\/\/impactodenoticias.com.ar\/index.php?rest_route=\/wp\/v2\/users\/2"}],"replies":[{"embeddable":true,"href":"https:\/\/impactodenoticias.com.ar\/index.php?rest_route=%2Fwp%2Fv2%2Fcomments&post=6547"}],"version-history":[{"count":1,"href":"https:\/\/impactodenoticias.com.ar\/index.php?rest_route=\/wp\/v2\/posts\/6547\/revisions"}],"predecessor-version":[{"id":6549,"href":"https:\/\/impactodenoticias.com.ar\/index.php?rest_route=\/wp\/v2\/posts\/6547\/revisions\/6549"}],"wp:featuredmedia":[{"embeddable":true,"href":"https:\/\/impactodenoticias.com.ar\/index.php?rest_route=\/wp\/v2\/media\/6548"}],"wp:attachment":[{"href":"https:\/\/impactodenoticias.com.ar\/index.php?rest_route=%2Fwp%2Fv2%2Fmedia&parent=6547"}],"wp:term":[{"taxonomy":"category","embeddable":true,"href":"https:\/\/impactodenoticias.com.ar\/index.php?rest_route=%2Fwp%2Fv2%2Fcategories&post=6547"},{"taxonomy":"post_tag","embeddable":true,"href":"https:\/\/impactodenoticias.com.ar\/index.php?rest_route=%2Fwp%2Fv2%2Ftags&post=6547"}],"curies":[{"name":"wp","href":"https:\/\/api.w.org\/{rel}","templated":true}]}}