{"id":657,"date":"2024-06-30T20:33:17","date_gmt":"2024-06-30T23:33:17","guid":{"rendered":"https:\/\/impactodenoticias.com.ar\/?p=657"},"modified":"2024-06-30T20:33:18","modified_gmt":"2024-06-30T23:33:18","slug":"gualeguaychu-clama-por-un-plan-dice-pia-gavagnin","status":"publish","type":"post","link":"https:\/\/impactodenoticias.com.ar\/?p=657","title":{"rendered":"\u00abGualeguaych\u00fa clama por un plan\u201d, dice P\u00eda Gavagnin"},"content":{"rendered":"\n<p><strong>Seg\u00fan expresa la ciudad de Gualeguaych\u00fa parece haber quedado en un limbo de incertidumbre. Las promesas de cambio se han diluido en un mar de inacci\u00f3<\/strong>n.<\/p>\n\n\n\n<p>* Por Pia Gavagnin<\/p>\n\n\n\n<p>Columna de opini\u00f3n de la exsecretaria de Turismo de la gesti\u00f3n Piaggio. Habla de la Fiesta del Pescado y el Vino, el Parque Industrial Seco, Museo de la Memoria y Presupuesto Participativo.<\/p>\n\n\n\n<p>Han pasado seis meses desde que la nueva administraci\u00f3n asumi\u00f3 el mando en Gualeguaych\u00fa, y la ciudad parece haber quedado en un limbo de incertidumbre. Desde la oposici\u00f3n, no solo no hemos dejado de reclamar acciones concretas, sino que nos encontramos con una gesti\u00f3n que parece haberse instalado en la improvisaci\u00f3n y la falta de rumbo.<\/p>\n\n\n\n<p>Las promesas de cambio se han diluido en un mar de inacci\u00f3n. Las iniciativas que marcaron la gesti\u00f3n anterior, como la Fiesta del Pescado y el Vino, se encuentran en un estado de indefinici\u00f3n, generando incertidumbre en el sector tur\u00edstico y cultural de la ciudad. El Museo de la Memoria, un espacio fundamental para la memoria hist\u00f3rica de nuestra ciudad, sigue cerrado sin planes de reapertura. Las Asambleas de Presupuesto Participativo, vitales para la participaci\u00f3n ciudadana, fueron modificadas sin consulta, reduciendo la posibilidad de que los vecinos elijan los proyectos para sus barrios. Y qu\u00e9 decir del proyecto del Parque Industrial Municipal Seco, una iniciativa fundamental para generar trabajo genuino y posicionar a Gualeguaych\u00fa de una manera estrat\u00e9gica, que ha quedado completamente paralizado.<\/p>\n\n\n\n<p>La gesti\u00f3n actual parece estar m\u00e1s preocupada por el crecimiento individual que por el bienestar com\u00fan. La creaci\u00f3n de programas por ordenanza que ya exist\u00edan y funcionaban solo demuestra la falta de originalidad e iniciativa, y la respuesta ante las crecidas del r\u00edo Gualeguaych\u00fa ha sido una muestra de falta de preparaci\u00f3n y compromiso con la comunidad.<\/p>\n\n\n\n<p>La falta de un plan definido, la ausencia de obras en marcha y la improvisaci\u00f3n en la toma de decisiones son la triste realidad que viven los gualeguaychuenses. La ciudad necesita una gesti\u00f3n responsable, eficiente y transparente. Los vecinos merecen un plan, no promesas vac\u00edas.<\/p>\n\n\n\n<p><strong>La Fiesta del Pescado y el Vino: Un motor econ\u00f3mico olvidado<\/strong><\/p>\n\n\n\n<p>Mientras Gualeguaych\u00fa recuerda aquellos a\u00f1os en que la Fiesta nos llenaba de orgullo, la gesti\u00f3n actual parece haber olvidado la importancia de este evento para el desarrollo de la ciudad. \u00bfAcaso no se recuerda el trabajo estrat\u00e9gico que, con visi\u00f3n de futuro, permiti\u00f3 convertir a la Fiesta del Pescado y el Vino Entrerriano en un evento de renombre regional que atra\u00eda a m\u00e1s de 100.000 personas en cada edici\u00f3n?<\/p>\n\n\n\n<p>La Fiesta no solo se convirti\u00f3 en un evento multitudinario que reun\u00eda a personas de todos los barrios de la ciudad y turistas de todo el pa\u00eds, sino que tambi\u00e9n gener\u00f3 un importante movimiento econ\u00f3mico. Con una inversi\u00f3n de 140 millones de pesos, la Fiesta multiplicaba por 10 el retorno econ\u00f3mico, logrando un 100% de ocupaci\u00f3n hotelera y atrayendo a m\u00e1s de 20.000 visitantes que impulsaban la actividad econ\u00f3mica local.<\/p>\n\n\n\n<p>Es importante recordar que la Fiesta se gestionaba con recursos propios, incluso en momentos de crisis, y contaba con la participaci\u00f3n de empresas locales en la publicidad como parte del financiamiento del evento, adem\u00e1s del apoyo del gobierno provincial y nacional.<\/p>\n\n\n\n<p>La Fiesta del Pescado y el Vino era mucho m\u00e1s que un evento gastron\u00f3mico. Era un homenaje a la identidad de Entre R\u00edos, a su historia ligada a la pesca, a la belleza natural de Gualeguaych\u00fa y su r\u00edo. Era una combinaci\u00f3n de gastronom\u00eda, m\u00fasica, arte y sabores que demostraba el compromiso con el desarrollo tur\u00edstico de la ciudad.<\/p>\n\n\n\n<p>La actual administraci\u00f3n parece priorizar el desarrollo individual por encima del colectivo, descuidando proyectos a largo plazo como el Parque Industrial Municipal Seco, que promet\u00eda un futuro mejor para todos. Parece haber olvidado que el desarrollo de una ciudad se construye con la participaci\u00f3n de todos y con una mirada puesta en el bienestar de la comunidad.<\/p>\n\n\n\n<p>\u00bfQu\u00e9 tipo de futuro quieren construir para nuestra ciudad? \u00bfUn futuro donde el crecimiento individual prime sobre el bienestar com\u00fan? \u00bfO un futuro donde la cultura, la uni\u00f3n y el trabajo en equipo sean la base de un desarrollo integral?<\/p>\n\n\n\n<p>La decisi\u00f3n est\u00e1 en manos de los ciudadanos. Y la historia nos recuerda que el camino del desarrollo se construye con la participaci\u00f3n de todos y para todos.<\/p>\n\n\n\n<p>*Pia Gavagnin &#8211; Ex secretaria de Turismo de la Municipalidad de Gualeguaych\u00fa.<\/p>\n","protected":false},"excerpt":{"rendered":"<p>Seg&uacute;n expresa la ciudad de Gualeguaych&uacute; parece haber quedado en un limbo de incertidumbre. Las promesas de cambio se han diluido en un mar de inacci&oacute;n. * Por Pia Gavagnin Columna de opini&oacute;n de la exsecretaria de Turismo de la gesti&oacute;n Piaggio. Habla de la Fiesta del Pescado y el Vino, el Parque Industrial Seco, [&hellip;]<\/p>\n","protected":false},"author":2,"featured_media":658,"comment_status":"open","ping_status":"open","sticky":false,"template":"","format":"standard","meta":{"footnotes":""},"categories":[11,4],"tags":[33,280,282,281],"class_list":["post-657","post","type-post","status-publish","format-standard","has-post-thumbnail","hentry","category-politica","category-provinciales","tag-entre-rios","tag-gualeguaychu","tag-martin-piaggio","tag-pia-gavagni"],"_links":{"self":[{"href":"https:\/\/impactodenoticias.com.ar\/index.php?rest_route=\/wp\/v2\/posts\/657","targetHints":{"allow":["GET"]}}],"collection":[{"href":"https:\/\/impactodenoticias.com.ar\/index.php?rest_route=\/wp\/v2\/posts"}],"about":[{"href":"https:\/\/impactodenoticias.com.ar\/index.php?rest_route=\/wp\/v2\/types\/post"}],"author":[{"embeddable":true,"href":"https:\/\/impactodenoticias.com.ar\/index.php?rest_route=\/wp\/v2\/users\/2"}],"replies":[{"embeddable":true,"href":"https:\/\/impactodenoticias.com.ar\/index.php?rest_route=%2Fwp%2Fv2%2Fcomments&post=657"}],"version-history":[{"count":1,"href":"https:\/\/impactodenoticias.com.ar\/index.php?rest_route=\/wp\/v2\/posts\/657\/revisions"}],"predecessor-version":[{"id":659,"href":"https:\/\/impactodenoticias.com.ar\/index.php?rest_route=\/wp\/v2\/posts\/657\/revisions\/659"}],"wp:featuredmedia":[{"embeddable":true,"href":"https:\/\/impactodenoticias.com.ar\/index.php?rest_route=\/wp\/v2\/media\/658"}],"wp:attachment":[{"href":"https:\/\/impactodenoticias.com.ar\/index.php?rest_route=%2Fwp%2Fv2%2Fmedia&parent=657"}],"wp:term":[{"taxonomy":"category","embeddable":true,"href":"https:\/\/impactodenoticias.com.ar\/index.php?rest_route=%2Fwp%2Fv2%2Fcategories&post=657"},{"taxonomy":"post_tag","embeddable":true,"href":"https:\/\/impactodenoticias.com.ar\/index.php?rest_route=%2Fwp%2Fv2%2Ftags&post=657"}],"curies":[{"name":"wp","href":"https:\/\/api.w.org\/{rel}","templated":true}]}}