{"id":6573,"date":"2024-11-03T11:28:43","date_gmt":"2024-11-03T14:28:43","guid":{"rendered":"https:\/\/impactodenoticias.com.ar\/?p=6573"},"modified":"2024-11-03T11:28:43","modified_gmt":"2024-11-03T14:28:43","slug":"delincuentes-asaltaron-a-un-empleado-en-colon-lo-mantuvieron-cautivo-y-se-dieron-a-la-fuga-en-autos-robados","status":"publish","type":"post","link":"https:\/\/impactodenoticias.com.ar\/?p=6573","title":{"rendered":"Delincuentes asaltaron a un empleado en Col\u00f3n, lo mantuvieron cautivo y se dieron a la fuga en autos robados"},"content":{"rendered":"\n<p class=\"has-medium-font-size\"><strong>Un violento asalto se produjo en la madrugada de este domingo en Col\u00f3n. Tras la intervenci\u00f3n policial, encontraron abandonado a uno de los autos en los que huyeron los delincuentes. Se investiga el raid delictivo al que la Polic\u00eda calific\u00f3 como \u201calarmante e inusual\u201d en la zona, debido al modus operandi ejecutado por los asaltantes.<\/strong><\/p>\n\n\n\n<p>Un vecino de Col\u00f3n, luego de terminar su jornada laboral, fue abordado cuando se desplazaba en su Volkswagen Gol por cinco individuos armados que circulaban en un Ford Fiesta. Los asaltantes, con el rostro cubierto, lo interceptaron y, tras sustraerle una suma de dinero en efectivo, lo trasladaron a San Jos\u00e9 en su propio veh\u00edculo.<\/p>\n\n\n\n<p>Ya en San Jos\u00e9, los delincuentes robaron un segundo veh\u00edculo, un Ford Ka perteneciente a una vecina de Col\u00f3n, y huyeron en ambos autom\u00f3viles; dejaron abandonado el Volkswagen Gol de una de las v\u00edctimas en las inmediaciones.<\/p>\n\n\n\n<p>Luego de la intervenci\u00f3n del personal policial de la Jefatura Departamental Col\u00f3n, se activaron de inmediato los protocolos de emergencia y se diagram\u00f3 un operativo cerrojo para alertar a todas las dependencias policiales de la provincia.<\/p>\n\n\n\n<p><\/p>\n\n\n\n<figure class=\"wp-block-image size-full\"><img loading=\"lazy\" decoding=\"async\" width=\"735\" height=\"456\" src=\"https:\/\/impactodenoticias.com.ar\/wp-content\/uploads\/2024\/11\/scrnli_aPW11EvhporO5e.png\" alt=\"\" class=\"wp-image-6574\" srcset=\"https:\/\/impactodenoticias.com.ar\/wp-content\/uploads\/2024\/11\/scrnli_aPW11EvhporO5e.png 735w, https:\/\/impactodenoticias.com.ar\/wp-content\/uploads\/2024\/11\/scrnli_aPW11EvhporO5e-300x186.png 300w\" sizes=\"auto, (max-width: 735px) 100vw, 735px\" \/><\/figure>\n\n\n\n<p><\/p>\n\n\n\n<p>Debido a a la r\u00e1pida coordinaci\u00f3n, los funcionarios del puesto caminero de Bella Vista, dependientes de la Direcci\u00f3n de Prevenci\u00f3n y Seguridad Vial, ubicado sobre la autov\u00eda (en el departamento de Uruguay), lograron observar el paso de los dos rodados que eran intensamente buscados y, luego lograron interceptar a uno de ellos, el Ford ka, pero sin sus ocupantes porque se hab\u00edan dado a la fuga.<\/p>\n\n\n\n<p>\u201cLa investigaci\u00f3n avanza con pistas firmes que permitir\u00edan identificar a los responsables\u201d, seg\u00fan fuentes policiales. Se inform\u00f3 adem\u00e1s, que los investigadores policiales contin\u00faan con el an\u00e1lisis de las pruebas recolectadas y, con el trabajo en curso, se esperan avances significativos en las pr\u00f3ximas horas.<\/p>\n","protected":false},"excerpt":{"rendered":"<p>Un violento asalto se produjo en la madrugada de este domingo en Col&oacute;n. Tras la intervenci&oacute;n policial, encontraron abandonado a uno de los autos en los que huyeron los delincuentes. Se investiga el raid delictivo al que la Polic&iacute;a calific&oacute; como &ldquo;alarmante e inusual&rdquo; en la zona, debido al modus operandi ejecutado por los asaltantes. [&hellip;]<\/p>\n","protected":false},"author":2,"featured_media":6575,"comment_status":"open","ping_status":"open","sticky":false,"template":"","format":"standard","meta":{"footnotes":""},"categories":[8,4],"tags":[1144,466,2777],"class_list":["post-6573","post","type-post","status-publish","format-standard","has-post-thumbnail","hentry","category-policiales","category-provinciales","tag-asalto","tag-colon","tag-empleado"],"_links":{"self":[{"href":"https:\/\/impactodenoticias.com.ar\/index.php?rest_route=\/wp\/v2\/posts\/6573","targetHints":{"allow":["GET"]}}],"collection":[{"href":"https:\/\/impactodenoticias.com.ar\/index.php?rest_route=\/wp\/v2\/posts"}],"about":[{"href":"https:\/\/impactodenoticias.com.ar\/index.php?rest_route=\/wp\/v2\/types\/post"}],"author":[{"embeddable":true,"href":"https:\/\/impactodenoticias.com.ar\/index.php?rest_route=\/wp\/v2\/users\/2"}],"replies":[{"embeddable":true,"href":"https:\/\/impactodenoticias.com.ar\/index.php?rest_route=%2Fwp%2Fv2%2Fcomments&post=6573"}],"version-history":[{"count":1,"href":"https:\/\/impactodenoticias.com.ar\/index.php?rest_route=\/wp\/v2\/posts\/6573\/revisions"}],"predecessor-version":[{"id":6576,"href":"https:\/\/impactodenoticias.com.ar\/index.php?rest_route=\/wp\/v2\/posts\/6573\/revisions\/6576"}],"wp:featuredmedia":[{"embeddable":true,"href":"https:\/\/impactodenoticias.com.ar\/index.php?rest_route=\/wp\/v2\/media\/6575"}],"wp:attachment":[{"href":"https:\/\/impactodenoticias.com.ar\/index.php?rest_route=%2Fwp%2Fv2%2Fmedia&parent=6573"}],"wp:term":[{"taxonomy":"category","embeddable":true,"href":"https:\/\/impactodenoticias.com.ar\/index.php?rest_route=%2Fwp%2Fv2%2Fcategories&post=6573"},{"taxonomy":"post_tag","embeddable":true,"href":"https:\/\/impactodenoticias.com.ar\/index.php?rest_route=%2Fwp%2Fv2%2Ftags&post=6573"}],"curies":[{"name":"wp","href":"https:\/\/api.w.org\/{rel}","templated":true}]}}