{"id":6581,"date":"2024-11-03T20:02:38","date_gmt":"2024-11-03T23:02:38","guid":{"rendered":"https:\/\/impactodenoticias.com.ar\/?p=6581"},"modified":"2024-11-03T20:27:55","modified_gmt":"2024-11-03T23:27:55","slug":"daniel-rossi-el-politico-que-atravieza-todos-los-obstaculos-y-continua-derribando-mitos","status":"publish","type":"post","link":"https:\/\/impactodenoticias.com.ar\/?p=6581","title":{"rendered":"Daniel Rossi, el pol\u00edtico que atraviesa todos los obst\u00e1culos y contin\u00faa derribando mitos"},"content":{"rendered":"\n<p class=\"has-medium-font-size\"><strong>El caso de Daniel Rossi es un paradigma que derriba todos los tiempos pol\u00edticos de Santa Elena y de la provincia de Entre R\u00edos porque lleva muchos a\u00f1os en ejercicio y no pertenece a la casta pol\u00edtica. \u00bfPor qu\u00e9 no pertenece?\u2026<\/strong><\/p>\n\n\n\n<p>\u00bfPor qu\u00e9 no pertenece? Porque a 41 a\u00f1os de su primera intendencia nunca tuvo contrato en el estado, jam\u00e1s fue un legislador puesto a dedo, no usa el clientelismo pol\u00edtico \u2013 al contrario siempre propuso el equilibrio fiscal y el esfuerzo laboral- , y la verdadera casta pol\u00edtica, judicial y medi\u00e1tica de Entre R\u00edos lo persigue hace a\u00f1os.<\/p>\n\n\n\n<p><\/p>\n\n\n\n<figure class=\"wp-block-image size-full\"><img loading=\"lazy\" decoding=\"async\" width=\"800\" height=\"438\" src=\"https:\/\/impactodenoticias.com.ar\/wp-content\/uploads\/2024\/11\/Screenshot_20240813-125625-854.png\" alt=\"\" class=\"wp-image-6585\" srcset=\"https:\/\/impactodenoticias.com.ar\/wp-content\/uploads\/2024\/11\/Screenshot_20240813-125625-854.png 800w, https:\/\/impactodenoticias.com.ar\/wp-content\/uploads\/2024\/11\/Screenshot_20240813-125625-854-300x164.png 300w, https:\/\/impactodenoticias.com.ar\/wp-content\/uploads\/2024\/11\/Screenshot_20240813-125625-854-768x420.png 768w\" sizes=\"auto, (max-width: 800px) 100vw, 800px\" \/><\/figure>\n\n\n\n<p><\/p>\n\n\n\n<p>La sociedad reconoce su trabajo incansable, por eso, lo han elegido Vicegobernador de Entre R\u00edos y siete (7) veces como Intendente para conducir los destinos de Santa Elena, con la particularidad que en las \u00faltimas elecciones, logr\u00f3 un hecho hist\u00f3rico al superar el 65% de los votos con un escenarios nacional que le dec\u00eda no a la casta pol\u00edtica y eleg\u00eda a Milei Presidente.<\/p>\n\n\n\n<p>Como dice Rossi \u00abyo no pertenezco a ninguna banda\u00bb, por eso siempre fue un blanco apuntado por los ca\u00f1ones del Poder pol\u00edtico, Poder judicial y Poder medi\u00e1tico de Entre R\u00edos, que se unieron para poder desterrarlo con un sin fin de causas \u00abarmadas\u00bb para desprestigiarlo y hundirlo medi\u00e1ticamente.<\/p>\n\n\n\n<figure class=\"wp-block-pullquote\"><blockquote><p>Su lucha incluye la superaci\u00f3n de esos obst\u00e1culos judiciales, mantener su liderazgo en Santa Elena y consolidar su vigencia como una figura emblem\u00e1tica de la pol\u00edtica de Entre R\u00edos.<\/p><\/blockquote><\/figure>\n","protected":false},"excerpt":{"rendered":"<p>El caso de Daniel Rossi es un paradigma que derriba todos los tiempos pol&iacute;ticos de Santa Elena y de la provincia de Entre R&iacute;os porque lleva muchos a&ntilde;os en ejercicio y no pertenece a la casta pol&iacute;tica. &iquest;Por qu&eacute; no pertenece?&hellip; &iquest;Por qu&eacute; no pertenece? Porque a 41 a&ntilde;os de su primera intendencia nunca tuvo [&hellip;]<\/p>\n","protected":false},"author":2,"featured_media":6584,"comment_status":"open","ping_status":"open","sticky":false,"template":"","format":"standard","meta":{"footnotes":""},"categories":[11,4],"tags":[620,439],"class_list":["post-6581","post","type-post","status-publish","format-standard","has-post-thumbnail","hentry","category-politica","category-provinciales","tag-daniel-rossi","tag-santa-elena"],"_links":{"self":[{"href":"https:\/\/impactodenoticias.com.ar\/index.php?rest_route=\/wp\/v2\/posts\/6581","targetHints":{"allow":["GET"]}}],"collection":[{"href":"https:\/\/impactodenoticias.com.ar\/index.php?rest_route=\/wp\/v2\/posts"}],"about":[{"href":"https:\/\/impactodenoticias.com.ar\/index.php?rest_route=\/wp\/v2\/types\/post"}],"author":[{"embeddable":true,"href":"https:\/\/impactodenoticias.com.ar\/index.php?rest_route=\/wp\/v2\/users\/2"}],"replies":[{"embeddable":true,"href":"https:\/\/impactodenoticias.com.ar\/index.php?rest_route=%2Fwp%2Fv2%2Fcomments&post=6581"}],"version-history":[{"count":3,"href":"https:\/\/impactodenoticias.com.ar\/index.php?rest_route=\/wp\/v2\/posts\/6581\/revisions"}],"predecessor-version":[{"id":6587,"href":"https:\/\/impactodenoticias.com.ar\/index.php?rest_route=\/wp\/v2\/posts\/6581\/revisions\/6587"}],"wp:featuredmedia":[{"embeddable":true,"href":"https:\/\/impactodenoticias.com.ar\/index.php?rest_route=\/wp\/v2\/media\/6584"}],"wp:attachment":[{"href":"https:\/\/impactodenoticias.com.ar\/index.php?rest_route=%2Fwp%2Fv2%2Fmedia&parent=6581"}],"wp:term":[{"taxonomy":"category","embeddable":true,"href":"https:\/\/impactodenoticias.com.ar\/index.php?rest_route=%2Fwp%2Fv2%2Fcategories&post=6581"},{"taxonomy":"post_tag","embeddable":true,"href":"https:\/\/impactodenoticias.com.ar\/index.php?rest_route=%2Fwp%2Fv2%2Ftags&post=6581"}],"curies":[{"name":"wp","href":"https:\/\/api.w.org\/{rel}","templated":true}]}}