{"id":6594,"date":"2024-11-04T09:35:00","date_gmt":"2024-11-04T12:35:00","guid":{"rendered":"https:\/\/impactodenoticias.com.ar\/?p=6594"},"modified":"2024-11-04T09:35:01","modified_gmt":"2024-11-04T12:35:01","slug":"clima-en-entre-rios-rige-alerta-amarillo-por-tormentas-para-este-lunes-en-todo-el-territorio-provincial","status":"publish","type":"post","link":"https:\/\/impactodenoticias.com.ar\/?p=6594","title":{"rendered":"Clima en Entre R\u00edos: rige alerta amarillo por tormentas para este lunes en todo el territorio provincial"},"content":{"rendered":"\n<h3 class=\"wp-block-heading\">El alerta rige que emite el Servicio Meteorol\u00f3gico Nacional rige para los 17 departamentos de la provincia.<\/h3>\n\n\n\n<p>La totalidad de la prrovincia de Entre R\u00edos, se encuentra bajo alerta amarillo por tormentas para este lunes 4 de noviembre en horas de la tarde, seg\u00fan inform\u00f3 el Servicio Meteorol\u00f3gico Nacional \u2013SMN-.<\/p>\n\n\n\n<p><\/p>\n\n\n\n<figure class=\"wp-block-image size-full\"><img loading=\"lazy\" decoding=\"async\" width=\"472\" height=\"800\" src=\"https:\/\/impactodenoticias.com.ar\/wp-content\/uploads\/2024\/11\/mapa_alertas-1.png\" alt=\"\" class=\"wp-image-6595\" srcset=\"https:\/\/impactodenoticias.com.ar\/wp-content\/uploads\/2024\/11\/mapa_alertas-1.png 472w, https:\/\/impactodenoticias.com.ar\/wp-content\/uploads\/2024\/11\/mapa_alertas-1-177x300.png 177w\" sizes=\"auto, (max-width: 472px) 100vw, 472px\" \/><\/figure>\n\n\n\n<p><\/p>\n\n\n\n<p>Los 17 departamentos se encuentran bajo alerta por tormentas fuertes. Se prev\u00e9n que las lluvias lleguen sobre todo en horas de la siesta y la tarde.<\/p>\n\n\n\n<p>El \u00e1rea ser\u00e1 afectada por tormentas de variada intensidad, algunas localmente fuertes. Se espera que las mismas est\u00e9n acompa\u00f1adas por importante actividad el\u00e9ctrica, ocasional ca\u00edda de granizo, r\u00e1fagas intensas y abundante ca\u00edda de agua en cortos per\u00edodos.<\/p>\n\n\n\n<p>Se estiman valores de precipitaci\u00f3n acumulada entre 20 y 50 mil\u00edmetros, pudiendo ser superados en forma local.<\/p>\n\n\n\n<p>La probabilidad de lluvias se mantendr\u00e1 durante todo este lunes. Sin embargo, en el centro y norte, las mayores chances de tormentas est\u00e1n previstas para la tarde. En tanto, las temperaturas alcanzar\u00edan los 24 grados.<\/p>\n\n\n\n<p>El mal clima podr\u00eda generar fuertes r\u00e1fagas de viento del sur que podr\u00edan superar los 50 kil\u00f3metros por hora.<\/p>\n\n\n\n<p>El tiempo mejorar\u00e1 notoriamente el martes, con cielo mayormente soleado y registros t\u00e9rmicos que podr\u00edan llegar hasta los 29 grados.<\/p>\n","protected":false},"excerpt":{"rendered":"<p>El alerta rige que emite el Servicio Meteorol&oacute;gico Nacional rige para los 17 departamentos de la provincia. La totalidad de la prrovincia de Entre R&iacute;os, se encuentra bajo alerta amarillo por tormentas para este lunes 4 de noviembre en horas de la tarde, seg&uacute;n inform&oacute; el Servicio Meteorol&oacute;gico Nacional &ndash;SMN-. Los 17 departamentos se encuentran [&hellip;]<\/p>\n","protected":false},"author":2,"featured_media":6596,"comment_status":"open","ping_status":"open","sticky":false,"template":"","format":"standard","meta":{"footnotes":""},"categories":[4,49],"tags":[38,33],"class_list":["post-6594","post","type-post","status-publish","format-standard","has-post-thumbnail","hentry","category-provinciales","category-sociedad","tag-clima","tag-entre-rios"],"_links":{"self":[{"href":"https:\/\/impactodenoticias.com.ar\/index.php?rest_route=\/wp\/v2\/posts\/6594","targetHints":{"allow":["GET"]}}],"collection":[{"href":"https:\/\/impactodenoticias.com.ar\/index.php?rest_route=\/wp\/v2\/posts"}],"about":[{"href":"https:\/\/impactodenoticias.com.ar\/index.php?rest_route=\/wp\/v2\/types\/post"}],"author":[{"embeddable":true,"href":"https:\/\/impactodenoticias.com.ar\/index.php?rest_route=\/wp\/v2\/users\/2"}],"replies":[{"embeddable":true,"href":"https:\/\/impactodenoticias.com.ar\/index.php?rest_route=%2Fwp%2Fv2%2Fcomments&post=6594"}],"version-history":[{"count":1,"href":"https:\/\/impactodenoticias.com.ar\/index.php?rest_route=\/wp\/v2\/posts\/6594\/revisions"}],"predecessor-version":[{"id":6597,"href":"https:\/\/impactodenoticias.com.ar\/index.php?rest_route=\/wp\/v2\/posts\/6594\/revisions\/6597"}],"wp:featuredmedia":[{"embeddable":true,"href":"https:\/\/impactodenoticias.com.ar\/index.php?rest_route=\/wp\/v2\/media\/6596"}],"wp:attachment":[{"href":"https:\/\/impactodenoticias.com.ar\/index.php?rest_route=%2Fwp%2Fv2%2Fmedia&parent=6594"}],"wp:term":[{"taxonomy":"category","embeddable":true,"href":"https:\/\/impactodenoticias.com.ar\/index.php?rest_route=%2Fwp%2Fv2%2Fcategories&post=6594"},{"taxonomy":"post_tag","embeddable":true,"href":"https:\/\/impactodenoticias.com.ar\/index.php?rest_route=%2Fwp%2Fv2%2Ftags&post=6594"}],"curies":[{"name":"wp","href":"https:\/\/api.w.org\/{rel}","templated":true}]}}