{"id":665,"date":"2024-07-01T10:34:02","date_gmt":"2024-07-01T13:34:02","guid":{"rendered":"https:\/\/impactodenoticias.com.ar\/?p=665"},"modified":"2024-07-01T10:34:04","modified_gmt":"2024-07-01T13:34:04","slug":"pedido-de-informes-sobre-gastos-de-representacion-de-laura-stratta-en-su-gestion-como-vicegobernadora","status":"publish","type":"post","link":"https:\/\/impactodenoticias.com.ar\/?p=665","title":{"rendered":"Pedido de informes sobre gastos de representaci\u00f3n de Laura Stratta en su gesti\u00f3n como vicegobernadora"},"content":{"rendered":"\n<p><strong>El pasado viernes 28 de junio se present\u00f3 por mesa de entrada de la Honorable C\u00e1mara de Senadores de la Provincia acceso a la informaci\u00f3n p\u00fablica, una solicitud dirigida a la vicegobernadora de Entre R\u00edos, Alicia Aluani, con el objetivo de \u201cobtener informaci\u00f3n detallada sobre la rendici\u00f3n de cuentas de los gastos de representaci\u00f3n de la ex vicegobernadora Laura Stratta, durante su gesti\u00f3n 2019 \u2013 2023\u201d.<\/strong><\/p>\n\n\n\n<p>Al haber presidido Stratta la administraci\u00f3n de la C\u00e1mara de Senadores durante el per\u00edodo mencionado, consideran que \u201cexisten inquietudes y alegaciones sobre un posible uso indebido de las partidas destinadas a gastos de representaci\u00f3n\u201d. Y se aduce que \u201cdiversas fuentes han indicado que podr\u00eda haber habido un exceso y abuso de estos fondos\u201d, por lo que se sugiere que una \u201cauditor\u00eda exhaustiva podr\u00eda revelar irregularidades significativas\u201d.<\/p>\n\n\n\n<p>Laura Stratta fue la Vicegobernadora de la provincia de Entre R\u00edos durante la gesti\u00f3n 2019-2023 y, por lo tanto, presidi\u00f3 la administraci\u00f3n de la C\u00e1mara de Senadores.<\/p>\n\n\n\n<p>La primera tarea de gesti\u00f3n de Laura Stratta fue redecorar su despacho con terminaci\u00f3n de lujo acorde a su vanidad.<\/p>\n\n\n\n<p>Fuentes confiables afirman que la Presidenta de la C\u00e1mara de Senadores hizo un exceso y abuso de la partida de gastos de representaci\u00f3n del Senado y en off comentan: \u201csi llegan a realizar una auditoria seria sobre los gastos de representaci\u00f3n de Stratta quedar\u00e1n espantados\u201d.<\/p>\n","protected":false},"excerpt":{"rendered":"<p>El pasado viernes 28 de junio se present&oacute; por mesa de entrada de la Honorable C&aacute;mara de Senadores de la Provincia acceso a la informaci&oacute;n p&uacute;blica, una solicitud dirigida a la vicegobernadora de Entre R&iacute;os, Alicia Aluani, con el objetivo de &ldquo;obtener informaci&oacute;n detallada sobre la rendici&oacute;n de cuentas de los gastos de representaci&oacute;n de [&hellip;]<\/p>\n","protected":false},"author":2,"featured_media":666,"comment_status":"open","ping_status":"open","sticky":false,"template":"","format":"standard","meta":{"footnotes":""},"categories":[90,11,4],"tags":[287,33,286,164,288],"class_list":["post-665","post","type-post","status-publish","format-standard","has-post-thumbnail","hentry","category-judicial","category-politica","category-provinciales","tag-alicia-aluani","tag-entre-rios","tag-informes","tag-laura-stratta","tag-senado"],"_links":{"self":[{"href":"https:\/\/impactodenoticias.com.ar\/index.php?rest_route=\/wp\/v2\/posts\/665","targetHints":{"allow":["GET"]}}],"collection":[{"href":"https:\/\/impactodenoticias.com.ar\/index.php?rest_route=\/wp\/v2\/posts"}],"about":[{"href":"https:\/\/impactodenoticias.com.ar\/index.php?rest_route=\/wp\/v2\/types\/post"}],"author":[{"embeddable":true,"href":"https:\/\/impactodenoticias.com.ar\/index.php?rest_route=\/wp\/v2\/users\/2"}],"replies":[{"embeddable":true,"href":"https:\/\/impactodenoticias.com.ar\/index.php?rest_route=%2Fwp%2Fv2%2Fcomments&post=665"}],"version-history":[{"count":1,"href":"https:\/\/impactodenoticias.com.ar\/index.php?rest_route=\/wp\/v2\/posts\/665\/revisions"}],"predecessor-version":[{"id":667,"href":"https:\/\/impactodenoticias.com.ar\/index.php?rest_route=\/wp\/v2\/posts\/665\/revisions\/667"}],"wp:featuredmedia":[{"embeddable":true,"href":"https:\/\/impactodenoticias.com.ar\/index.php?rest_route=\/wp\/v2\/media\/666"}],"wp:attachment":[{"href":"https:\/\/impactodenoticias.com.ar\/index.php?rest_route=%2Fwp%2Fv2%2Fmedia&parent=665"}],"wp:term":[{"taxonomy":"category","embeddable":true,"href":"https:\/\/impactodenoticias.com.ar\/index.php?rest_route=%2Fwp%2Fv2%2Fcategories&post=665"},{"taxonomy":"post_tag","embeddable":true,"href":"https:\/\/impactodenoticias.com.ar\/index.php?rest_route=%2Fwp%2Fv2%2Ftags&post=665"}],"curies":[{"name":"wp","href":"https:\/\/api.w.org\/{rel}","templated":true}]}}