{"id":6691,"date":"2024-11-05T18:35:08","date_gmt":"2024-11-05T21:35:08","guid":{"rendered":"https:\/\/impactodenoticias.com.ar\/?p=6691"},"modified":"2024-11-05T18:35:09","modified_gmt":"2024-11-05T21:35:09","slug":"se-anticipa-un-nuevo-aumento-de-boleto-de-colectivos-en-concordia","status":"publish","type":"post","link":"https:\/\/impactodenoticias.com.ar\/?p=6691","title":{"rendered":"Se anticipa un nuevo aumento de boleto de colectivos en Concordia"},"content":{"rendered":"\n<h3 class=\"wp-block-heading\">Ser\u00e1 en cumplimiento de la ordenanza que rige para el transporte, que ordena incrementos cuatrimestrales.<\/h3>\n\n\n\n<p>El referente de la C\u00e1mara de Transporte Urbano de Pasajeros de Concordia, Daniel Lapalma, precis\u00f3 cu\u00e1ndo y c\u00f3mo se definir\u00e1 un nuevo aumento en el boleto, teniendo en cuenta el cierre del a\u00f1o y el arranque de la temporada baja en el sector.<\/p>\n\n\n\n<p>Lapalma record\u00f3 que en la ciudad la ordenanza que se aprob\u00f3 en el transcurso de este ejercicio dispone que los aumentos son cuatrimestrales. \u201cNosotros hab\u00edamos solicitado que sea trimestral pero se termin\u00f3 aprobando cada cuatro meses, por lo que el pr\u00f3ximo aumento se va a aplicar seguramente ahora a partir del 1 de diciembre o alrededor de esa fecha\u201d, explic\u00f3.<\/p>\n\n\n\n<p>El dirigente se\u00f1al\u00f3 que el aumento se fijar\u00e1 \u201cpor la f\u00f3rmula que se dej\u00f3 asentada en el mes de julio, cuando se hizo justamente el \u00faltimo aumento, en donde se iban a tener en cuenta la variaci\u00f3n de costos del personal, del combustible y de los neum\u00e1ticos\u201c. De all\u00ed saldr\u00e1 el porcentaje de incremento que tenga el boleto. Y aclar\u00f3: \u201cEl aumento va a ser todo destinado espec\u00edficamente al aumento salarial\u201d.<\/p>\n","protected":false},"excerpt":{"rendered":"<p>Ser&aacute; en cumplimiento de la ordenanza que rige para el transporte, que ordena incrementos cuatrimestrales. El referente de la C&aacute;mara de Transporte Urbano de Pasajeros de Concordia, Daniel Lapalma, precis&oacute; cu&aacute;ndo y c&oacute;mo se definir&aacute; un nuevo aumento en el boleto, teniendo en cuenta el cierre del a&ntilde;o y el arranque de la temporada baja [&hellip;]<\/p>\n","protected":false},"author":2,"featured_media":6692,"comment_status":"open","ping_status":"open","sticky":false,"template":"","format":"standard","meta":{"footnotes":""},"categories":[1902,4],"tags":[57,348,72,1545],"class_list":["post-6691","post","type-post","status-publish","format-standard","has-post-thumbnail","hentry","category-municipales","category-provinciales","tag-aumento","tag-colectivos","tag-concordia","tag-nuevo"],"_links":{"self":[{"href":"https:\/\/impactodenoticias.com.ar\/index.php?rest_route=\/wp\/v2\/posts\/6691","targetHints":{"allow":["GET"]}}],"collection":[{"href":"https:\/\/impactodenoticias.com.ar\/index.php?rest_route=\/wp\/v2\/posts"}],"about":[{"href":"https:\/\/impactodenoticias.com.ar\/index.php?rest_route=\/wp\/v2\/types\/post"}],"author":[{"embeddable":true,"href":"https:\/\/impactodenoticias.com.ar\/index.php?rest_route=\/wp\/v2\/users\/2"}],"replies":[{"embeddable":true,"href":"https:\/\/impactodenoticias.com.ar\/index.php?rest_route=%2Fwp%2Fv2%2Fcomments&post=6691"}],"version-history":[{"count":1,"href":"https:\/\/impactodenoticias.com.ar\/index.php?rest_route=\/wp\/v2\/posts\/6691\/revisions"}],"predecessor-version":[{"id":6693,"href":"https:\/\/impactodenoticias.com.ar\/index.php?rest_route=\/wp\/v2\/posts\/6691\/revisions\/6693"}],"wp:featuredmedia":[{"embeddable":true,"href":"https:\/\/impactodenoticias.com.ar\/index.php?rest_route=\/wp\/v2\/media\/6692"}],"wp:attachment":[{"href":"https:\/\/impactodenoticias.com.ar\/index.php?rest_route=%2Fwp%2Fv2%2Fmedia&parent=6691"}],"wp:term":[{"taxonomy":"category","embeddable":true,"href":"https:\/\/impactodenoticias.com.ar\/index.php?rest_route=%2Fwp%2Fv2%2Fcategories&post=6691"},{"taxonomy":"post_tag","embeddable":true,"href":"https:\/\/impactodenoticias.com.ar\/index.php?rest_route=%2Fwp%2Fv2%2Ftags&post=6691"}],"curies":[{"name":"wp","href":"https:\/\/api.w.org\/{rel}","templated":true}]}}