{"id":6697,"date":"2024-11-05T19:38:32","date_gmt":"2024-11-05T22:38:32","guid":{"rendered":"https:\/\/impactodenoticias.com.ar\/?p=6697"},"modified":"2024-11-05T19:38:34","modified_gmt":"2024-11-05T22:38:34","slug":"se-suspendieron-las-audiencias-en-la-causa-contratos-pactadas-para-la-semana-que-viene","status":"publish","type":"post","link":"https:\/\/impactodenoticias.com.ar\/?p=6697","title":{"rendered":"Se suspendieron las audiencias en la causa \u00abContratos\u00bb pactadas para la semana que viene"},"content":{"rendered":"\n<h3 class=\"wp-block-heading\">Las audiencias de remisi\u00f3n a juicio que hab\u00edan sido fijadas para la semana que viene en el marco de la Causa Contratos fueron suspendidas este martes y por ahora no tienen nueva fecha.<\/h3>\n\n\n\n<p>La Oficina de Gesti\u00f3n de Audiencias dio a conocer un escrito en el cual se\u00f1al\u00f3: \u201cAtento la inminencia de las audiencias programadas, la complejidad de una reprogramaci\u00f3n, y lo manifestado en los escritos presentados por las partes, susp\u00e9ndanse las audiencias fijadas para los d\u00edas 11, 12 y 13 de noviembre de 2024\u201d.<\/p>\n\n\n\n<p>Los escritos presentados son de autor\u00eda de los miembros del Ministerio P\u00fablico Fiscal que intervienen en la causa y tambi\u00e9n de los abogados defensores de los imputados, entre ellos Franco Azziani, Andr\u00e9s Bacigalupo, Miguel \u00c1ngel Cullen, Leopoldo Cappa, Victoria Halle, Emilio Fouces, Pablo Hawlena, Julio Federik, Leopoldo Lambruschini, Dami\u00e1n Pettenati, Jos\u00e9 Vel\u00e1zquez, Leonardo Schonfeld, Marcos Rodr\u00edguez Allende e Iv\u00e1n Vernengo.<\/p>\n\n\n\n<p>En la disposici\u00f3n se precis\u00f3 adem\u00e1s que el legajo pase al \u00c1rea de Fijaci\u00f3n de Audiencias para agendar nuevas fechas.<\/p>\n\n\n\n<p>Cabe recordar que en esta causa la Justicia investiga contratos supuestamente ap\u00f3crifos de la Legislatura entrerriana de 2008 a 2018 y se busca establecer el desfalco producido al erario p\u00fablico mediante el accionar de una red de recaudaci\u00f3n de fondos para financiar la actividad pol\u00edtica.<\/p>\n\n\n\n<p>En marzo, despu\u00e9s que la Corte Suprema de Justicia de la Naci\u00f3n rechazara el pedido de intervenci\u00f3n en el caso por parte del Juzgado Federal de Paran\u00e1 y confirmara la competencia de la jueza de Garant\u00edas Marina Barbagelata, la magistrada puso a andar nuevamente el legajo.<\/p>\n","protected":false},"excerpt":{"rendered":"<p>Las audiencias de remisi&oacute;n a juicio que hab&iacute;an sido fijadas para la semana que viene en el marco de la Causa Contratos fueron suspendidas este martes y por ahora no tienen nueva fecha. La Oficina de Gesti&oacute;n de Audiencias dio a conocer un escrito en el cual se&ntilde;al&oacute;: &ldquo;Atento la inminencia de las audiencias programadas, [&hellip;]<\/p>\n","protected":false},"author":2,"featured_media":6698,"comment_status":"open","ping_status":"open","sticky":false,"template":"","format":"standard","meta":{"footnotes":""},"categories":[90,4],"tags":[2828,2074,2234,2827],"class_list":["post-6697","post","type-post","status-publish","format-standard","has-post-thumbnail","hentry","category-judicial","category-provinciales","tag-audicencias","tag-causa","tag-contratos","tag-suspendieron"],"_links":{"self":[{"href":"https:\/\/impactodenoticias.com.ar\/index.php?rest_route=\/wp\/v2\/posts\/6697","targetHints":{"allow":["GET"]}}],"collection":[{"href":"https:\/\/impactodenoticias.com.ar\/index.php?rest_route=\/wp\/v2\/posts"}],"about":[{"href":"https:\/\/impactodenoticias.com.ar\/index.php?rest_route=\/wp\/v2\/types\/post"}],"author":[{"embeddable":true,"href":"https:\/\/impactodenoticias.com.ar\/index.php?rest_route=\/wp\/v2\/users\/2"}],"replies":[{"embeddable":true,"href":"https:\/\/impactodenoticias.com.ar\/index.php?rest_route=%2Fwp%2Fv2%2Fcomments&post=6697"}],"version-history":[{"count":1,"href":"https:\/\/impactodenoticias.com.ar\/index.php?rest_route=\/wp\/v2\/posts\/6697\/revisions"}],"predecessor-version":[{"id":6699,"href":"https:\/\/impactodenoticias.com.ar\/index.php?rest_route=\/wp\/v2\/posts\/6697\/revisions\/6699"}],"wp:featuredmedia":[{"embeddable":true,"href":"https:\/\/impactodenoticias.com.ar\/index.php?rest_route=\/wp\/v2\/media\/6698"}],"wp:attachment":[{"href":"https:\/\/impactodenoticias.com.ar\/index.php?rest_route=%2Fwp%2Fv2%2Fmedia&parent=6697"}],"wp:term":[{"taxonomy":"category","embeddable":true,"href":"https:\/\/impactodenoticias.com.ar\/index.php?rest_route=%2Fwp%2Fv2%2Fcategories&post=6697"},{"taxonomy":"post_tag","embeddable":true,"href":"https:\/\/impactodenoticias.com.ar\/index.php?rest_route=%2Fwp%2Fv2%2Ftags&post=6697"}],"curies":[{"name":"wp","href":"https:\/\/api.w.org\/{rel}","templated":true}]}}